{"id":14689,"date":"2023-09-03T19:53:18","date_gmt":"2023-09-03T17:53:18","guid":{"rendered":"https:\/\/agora.xtec.cat\/ceip-jruyra-l-h\/?p=14689"},"modified":"2025-02-16T12:22:20","modified_gmt":"2025-02-16T11:22:20","slug":"comenca-el-nou-curs-escolar-2023-2024-informacio-sobre-horaris-i-serveis","status":"publish","type":"post","link":"https:\/\/agora.xtec.cat\/ceip-jruyra-l-h\/general\/comenca-el-nou-curs-escolar-2023-2024-informacio-sobre-horaris-i-serveis\/","title":{"rendered":"Comen\u00e7a el nou curs escolar 2023-2024: informaci\u00f3 sobre horaris i serveis"},"content":{"rendered":"<h6 style=\"text-align: left;\">Benvolgudes fam\u00edlies,<\/h6>\n<p>Ens plau anunciar que les classes per al curs escolar 2023-2024 <span style=\"text-decoration: underline;\"><strong>comen\u00e7aran el dimecres 6 de setembre<\/strong><\/span>.<\/p>\n<p>L&#8217;horari per als <span style=\"text-decoration: underline;\">alumnes de prim\u00e0ria<\/span> ser\u00e0 de 8:30 a 13:00 i de 15:00 a 16:30. Pel que fa als <span style=\"text-decoration: underline;\">alumnes d&#8217;infantil<\/span>, l&#8217;horari ser\u00e0 de 9:30 a 13:00 i de 15:00 a 16:30.<\/p>\n<p>Recordem que per als alumnes d&#8217;I4 en avant hi ha servei de menjador disponible, sempre que s&#8217;hagin apuntat pr\u00e8viament. Pel que fa als alumnes d&#8217;I3, aquest servei i el servei d&#8217;acollida comen\u00e7ar\u00e0 despr\u00e9s del per\u00edode d&#8217;adaptaci\u00f3.<\/p>\n<p>Estem emocionats per comen\u00e7ar un nou curs escolar amb tots vosaltres.<\/p>\n<p>&nbsp;<\/p>\n<p><span style=\"font-weight: bold;\">Us desitgem un bon inici de curs!<\/span><\/p>\n<h6><img loading=\"lazy\" decoding=\"async\" class=\"wp-image-14690 aligncenter\" style=\"font-size: 1em;\" src=\"https:\/\/agora.xtec.cat\/ceip-jruyra-l-h\/wp-content\/uploads\/usu2049\/2023\/09\/companeros-amigos-bolsa-escuela-educacion.jpg\" alt=\"\" width=\"807\" height=\"419\" srcset=\"https:\/\/agora.xtec.cat\/ceip-jruyra-l-h\/wp-content\/uploads\/usu2049\/2023\/09\/companeros-amigos-bolsa-escuela-educacion.jpg 1000w, https:\/\/agora.xtec.cat\/ceip-jruyra-l-h\/wp-content\/uploads\/usu2049\/2023\/09\/companeros-amigos-bolsa-escuela-educacion-300x156.jpg 300w, https:\/\/agora.xtec.cat\/ceip-jruyra-l-h\/wp-content\/uploads\/usu2049\/2023\/09\/companeros-amigos-bolsa-escuela-educacion-768x399.jpg 768w\" sizes=\"auto, (max-width: 807px) 100vw, 807px\" \/><\/h6>\n<h6><\/h6>\n","protected":false},"excerpt":{"rendered":"<p>Comen\u00e7a el nou curs escolar 2023-2024&hellip;  <a href=\"https:\/\/agora.xtec.cat\/ceip-jruyra-l-h\/general\/comenca-el-nou-curs-escolar-2023-2024-informacio-sobre-horaris-i-serveis\/\" title=\"Read Comen\u00e7a el nou curs escolar 2023-2024: informaci\u00f3 sobre horaris i serveis\">Llegeix m\u00e9s\u00bb<\/a><\/p>\n","protected":false},"author":16,"featured_media":14690,"comment_status":"open","ping_status":"closed","sticky":false,"template":"","format":"standard","meta":{"_bbp_topic_count":0,"_bbp_reply_count":0,"_bbp_total_topic_count":0,"_bbp_total_reply_count":0,"_bbp_voice_count":0,"_bbp_anonymous_reply_count":0,"_bbp_topic_count_hidden":0,"_bbp_reply_count_hidden":0,"_bbp_forum_subforum_count":0,"footnotes":""},"categories":[10,11,12,13,14,15,60,1,2,3,8,9,4,5],"tags":[],"class_list":["post-14689","post","type-post","status-publish","format-standard","has-post-thumbnail","hentry","category-1r","category-2n","category-3r","category-4t","category-5e","category-6e","category-cdaxarxa","category-general","category-infantil","category-i3","category-i4","category-i5","category-portada","category-primaria"],"post_mailing_queue_ids":[],"_links":{"self":[{"href":"https:\/\/agora.xtec.cat\/ceip-jruyra-l-h\/wp-json\/wp\/v2\/posts\/14689","targetHints":{"allow":["GET"]}}],"collection":[{"href":"https:\/\/agora.xtec.cat\/ceip-jruyra-l-h\/wp-json\/wp\/v2\/posts"}],"about":[{"href":"https:\/\/agora.xtec.cat\/ceip-jruyra-l-h\/wp-json\/wp\/v2\/types\/post"}],"author":[{"embeddable":true,"href":"https:\/\/agora.xtec.cat\/ceip-jruyra-l-h\/wp-json\/wp\/v2\/users\/16"}],"replies":[{"embeddable":true,"href":"https:\/\/agora.xtec.cat\/ceip-jruyra-l-h\/wp-json\/wp\/v2\/comments?post=14689"}],"version-history":[{"count":3,"href":"https:\/\/agora.xtec.cat\/ceip-jruyra-l-h\/wp-json\/wp\/v2\/posts\/14689\/revisions"}],"predecessor-version":[{"id":14693,"href":"https:\/\/agora.xtec.cat\/ceip-jruyra-l-h\/wp-json\/wp\/v2\/posts\/14689\/revisions\/14693"}],"wp:featuredmedia":[{"embeddable":true,"href":"https:\/\/agora.xtec.cat\/ceip-jruyra-l-h\/wp-json\/wp\/v2\/media\/14690"}],"wp:attachment":[{"href":"https:\/\/agora.xtec.cat\/ceip-jruyra-l-h\/wp-json\/wp\/v2\/media?parent=14689"}],"wp:term":[{"taxonomy":"category","embeddable":true,"href":"https:\/\/agora.xtec.cat\/ceip-jruyra-l-h\/wp-json\/wp\/v2\/categories?post=14689"},{"taxonomy":"post_tag","embeddable":true,"href":"https:\/\/agora.xtec.cat\/ceip-jruyra-l-h\/wp-json\/wp\/v2\/tags?post=14689"}],"curies":[{"name":"wp","href":"https:\/\/api.w.org\/{rel}","templated":true}]}}