{"id":14663,"date":"2023-06-28T13:35:34","date_gmt":"2023-06-28T11:35:34","guid":{"rendered":"https:\/\/agora.xtec.cat\/ceip-jruyra-l-h\/?p=14663"},"modified":"2023-12-19T21:13:06","modified_gmt":"2023-12-19T20:13:06","slug":"com-activar-el-xec-escolar-de-100-euros","status":"publish","type":"post","link":"https:\/\/agora.xtec.cat\/ceip-jruyra-l-h\/general\/com-activar-el-xec-escolar-de-100-euros\/","title":{"rendered":"Com activar el xec escolar de 100 euros"},"content":{"rendered":"<h1 class=\"titol\">Com activar el xec escolar de 100 euros per a totes les fam\u00edlies amb alumnes a prim\u00e0ria<\/h1>\n<h3 class=\"entradeta\">Es rebran dos vals de 50 euros per gastar fins al 30 de novembre<\/h3>\n<p>Les fam\u00edlies dels alumnes de prim\u00e0ria rebran aquest estiu dos xecs per un\u00a0<a href=\"https:\/\/www.ccma.cat\/324\/els-alumnes-de-primaria-rebran-un-xec-de-100-euros-per-comprar-material-escolar\/noticia\/3226675\/\" target=\"_blank\" rel=\"noopener\">valor total de 100 euros per a la compra de material escolar<\/a>.<\/p>\n<p>Segons ha anunciat la consellera d&#8217;Educaci\u00f3, Anna Sim\u00f3, al Parlament, aquest dimecres, s&#8217;han comen\u00e7at a enviar les cartes a les fam\u00edlies, que les rebran en els pr\u00f2xims dies i ja podran activar el xec.<\/p>\n<p>Els vals seran per a tots els estudiants que el curs que ve facin prim\u00e0ria, \u00e9s a dir, que estudi\u00efn\u00a0<strong>de primer a sis\u00e8, en centres p\u00fablics o concertats<\/strong>, inclosos els d&#8217;educaci\u00f3 especial.<\/p>\n<p>Els diners es podran destinar a l&#8217;adquisici\u00f3 de llibres,\u00a0diccionaris, papereria,\u00a0material d&#8217;escriptura, calculadores,\u00a0motxilles o jocs educatius.<\/p>\n<p>Aquesta ajuda \u00e9s universal, \u00e9s a dir, l&#8217;ha de rebre tothom al marge de la renda de cada llar. Responem aqu\u00ed algunes preguntes sobre el funcionament d&#8217;aquests xecs.<\/p>\n<h2><strong>&#8211; Com arribaran els xecs\u00a0i qu\u00e8 passa si no tens una\u00a0adre\u00e7a estable?\u00a0<\/strong><\/h2>\n<p>Els vals arribaran\u00a0<strong>per correu postal<\/strong>.<\/p>\n<p>Es pot donar el cas que hi hagi fam\u00edlies que\u00a0canvi\u00efn d&#8217;adre\u00e7a a l&#8217;estiu o b\u00e9 que estiguin sota programes de protecci\u00f3 i l&#8217;escola no en tingui cap adre\u00e7a, sobretot en entorns vulnerables, on els centres tenen dificultats per confirmar l&#8217;adre\u00e7a d&#8217;algunes fam\u00edlies.<\/p>\n<p>Doncs b\u00e9, totes aquelles fam\u00edlies que no rebin el xec\u00a0per correu postal\u00a0<strong><a href=\"https:\/\/valescolar.cat\/\" target=\"_blank\" rel=\"noopener\">el\u00a0podran descarregar des del web valescolar.cat<\/a><\/strong>.<\/p>\n<h2><strong>&#8211; Quan s&#8217;enviaran els vals?\u00a0<\/strong><\/h2>\n<p>La primera distribuci\u00f3 es dur\u00e0 a terme durant el mes de juliol del 2023.<\/p>\n<h2><strong>&#8211; Qu\u00e8 passa si el meu fill encara no est\u00e0 matriculat?\u00a0<\/strong><\/h2>\n<p>Hi haur\u00e0 tres noves distribucions per als alumnes\u00a0que es matriculin fins al 30 de juny del 2023, fins al 15 de setembre del 2023 i fins al 31 d&#8217;octubre del 2023.<\/p>\n<p>En els primers quinze dies despr\u00e9s de les dates indicades, s&#8217;habilitaran els vals per al nou alumnat, que es podran obtenir a trav\u00e9s del web valescolar.cat o el 012.<\/p>\n<p><img decoding=\"async\" src=\"https:\/\/img.ccma.cat\/multimedia\/jpg\/8\/8\/1685088201788_670.jpg\" alt=\"Els vals s'hauran d'activar per internet i es podr\u00e0 consulta la llista de botigues adherides\" \/><\/p>\n<h2><strong>&#8211; Com s&#8217;han d&#8217;activar els vals per al material escolar?\u00a0<\/strong><\/h2>\n<p>Un cop s&#8217;hagi rebut\u00a0la carta amb els vals, s&#8217;ha d&#8217;accedir al web\u00a0<a href=\"http:\/\/es%20podran%20descarregar%20des%20del%20web%20valescolar.cat.%20\/\" target=\"_blank\" rel=\"noopener\">valescolar.cat<\/a>\u00a0i fer\u00a0els passos seg\u00fcents:<\/p>\n<ul>\n<li>Anar a la secci\u00f3 &#8220;Activa els vals&#8221;<\/li>\n<li>Introduir l&#8217;identificador de l&#8217;alumne\/a i el PIN que hi ha als vals<\/li>\n<li>Introduir el n\u00famero de tel\u00e8fon m\u00f2bil<\/li>\n<li>Introduir el codi que es rebr\u00e0 al m\u00f2bil. Si tot \u00e9s correcte, ja es tindr\u00e0 els vals activats per utilitzar-los als establiments adherits<\/li>\n<\/ul>\n<h2><strong>&#8211; Qu\u00e8 he de fer si no he rebut els vals?\u00a0<\/strong><\/h2>\n<p>Si no has rebut la carta amb els vals i, per tant, no tens el PIN per activar-los, haur\u00e0s d&#8217;accedir a\u00a0<a href=\"http:\/\/es%20podran%20descarregar%20des%20del%20web%20valescolar.cat.%20\/\" target=\"_blank\" rel=\"noopener\">valescolar.cat<\/a>\u00a0i fer aquests passos:<\/p>\n<ul>\n<li>Anar a la secci\u00f3 &#8220;Activa els vals&#8221;<\/li>\n<li>Anar a la secci\u00f3 PIN d&#8217;activaci\u00f3 i demanar-ne un de nou<\/li>\n<li>Introduir\u00a0l&#8217;identificador de l&#8217;alumne\/a i la seva data de naixement. Si tot \u00e9s correcte, el sistema et mostrar\u00e0 el PIN d&#8217;activaci\u00f3<\/li>\n<li>Anar a la secci\u00f3 &#8220;Activa els vals&#8221;<\/li>\n<li>Introduir l&#8217;identificador de l&#8217;alumne\/a i el PIN d&#8217;activaci\u00f3<\/li>\n<li>Introduir\u00a0el teu n\u00famero de tel\u00e8fon m\u00f2bil<\/li>\n<li>Introduir el codi que rebr\u00e0s al m\u00f2bil. Si tot \u00e9s correcte, ja tindr\u00e0s els vals activats per utilitzar-los als establiments adherits<\/li>\n<\/ul>\n<p><img decoding=\"async\" src=\"https:\/\/img.ccma.cat\/multimedia\/jpg\/5\/5\/1685087914455_670.jpg\" alt=\"Les fam\u00edlies d'alumnes de prim\u00e0ria rebran 2 xecs de 50 euros \" \/><\/p>\n<h2><strong>&#8211; Els xecs seran nominals? Com puc saber l&#8217;identificador de l&#8217;alumne?\u00a0<\/strong><\/h2>\n<p>Els vals contindran un<strong>\u00a0PIN personal diferent per a cada alumne<\/strong>. Aquest pin, juntament amb el<strong>\u00a0n\u00famero d&#8217;identificador que t\u00e9 cada alumne<\/strong>\u00a0de les escoles catalanes, permetr\u00e0 activar els vals.<\/p>\n<p>Aquest n\u00famero es pot obtenir per tres vies:<\/p>\n<ul>\n<li>A\u00a0l&#8217;escola<\/li>\n<li>Al 012<\/li>\n<li>Al\u00a0<a href=\"https:\/\/educacio.gencat.cat\/ca\/tramits\/tramits-temes\/identificador-alumne\" target=\"_blank\" rel=\"noopener\">web del Departament d&#8217;Educaci\u00f3<\/a><\/li>\n<\/ul>\n","protected":false},"excerpt":{"rendered":"<p>Com activar el xec escolar de 100 euros per a totes les fam\u00edlies amb alumnes a prim\u00e0ria.<br \/>\nEs rebran dos vals de 50 euros per gastar fins al 30 de novembre.&hellip;  <a href=\"https:\/\/agora.xtec.cat\/ceip-jruyra-l-h\/general\/com-activar-el-xec-escolar-de-100-euros\/\" title=\"Read Com activar el xec escolar de 100 euros\">Llegeix m\u00e9s\u00bb<\/a><\/p>\n","protected":false},"author":3,"featured_media":14664,"comment_status":"open","ping_status":"closed","sticky":false,"template":"","format":"standard","meta":{"_bbp_topic_count":0,"_bbp_reply_count":0,"_bbp_total_topic_count":0,"_bbp_total_reply_count":0,"_bbp_voice_count":0,"_bbp_anonymous_reply_count":0,"_bbp_topic_count_hidden":0,"_bbp_reply_count_hidden":0,"_bbp_forum_subforum_count":0,"footnotes":""},"categories":[1],"tags":[],"class_list":["post-14663","post","type-post","status-publish","format-standard","has-post-thumbnail","hentry","category-general"],"post_mailing_queue_ids":[],"_links":{"self":[{"href":"https:\/\/agora.xtec.cat\/ceip-jruyra-l-h\/wp-json\/wp\/v2\/posts\/14663","targetHints":{"allow":["GET"]}}],"collection":[{"href":"https:\/\/agora.xtec.cat\/ceip-jruyra-l-h\/wp-json\/wp\/v2\/posts"}],"about":[{"href":"https:\/\/agora.xtec.cat\/ceip-jruyra-l-h\/wp-json\/wp\/v2\/types\/post"}],"author":[{"embeddable":true,"href":"https:\/\/agora.xtec.cat\/ceip-jruyra-l-h\/wp-json\/wp\/v2\/users\/3"}],"replies":[{"embeddable":true,"href":"https:\/\/agora.xtec.cat\/ceip-jruyra-l-h\/wp-json\/wp\/v2\/comments?post=14663"}],"version-history":[{"count":3,"href":"https:\/\/agora.xtec.cat\/ceip-jruyra-l-h\/wp-json\/wp\/v2\/posts\/14663\/revisions"}],"predecessor-version":[{"id":14667,"href":"https:\/\/agora.xtec.cat\/ceip-jruyra-l-h\/wp-json\/wp\/v2\/posts\/14663\/revisions\/14667"}],"wp:featuredmedia":[{"embeddable":true,"href":"https:\/\/agora.xtec.cat\/ceip-jruyra-l-h\/wp-json\/wp\/v2\/media\/14664"}],"wp:attachment":[{"href":"https:\/\/agora.xtec.cat\/ceip-jruyra-l-h\/wp-json\/wp\/v2\/media?parent=14663"}],"wp:term":[{"taxonomy":"category","embeddable":true,"href":"https:\/\/agora.xtec.cat\/ceip-jruyra-l-h\/wp-json\/wp\/v2\/categories?post=14663"},{"taxonomy":"post_tag","embeddable":true,"href":"https:\/\/agora.xtec.cat\/ceip-jruyra-l-h\/wp-json\/wp\/v2\/tags?post=14663"}],"curies":[{"name":"wp","href":"https:\/\/api.w.org\/{rel}","templated":true}]}}