{"id":14633,"date":"2023-06-24T16:29:37","date_gmt":"2023-06-24T14:29:37","guid":{"rendered":"https:\/\/agora.xtec.cat\/ceip-jruyra-l-h\/?p=14633"},"modified":"2025-02-16T12:22:20","modified_gmt":"2025-02-16T11:22:20","slug":"un-grafiti-meravellos-per-acomiadar-el-curs","status":"publish","type":"post","link":"https:\/\/agora.xtec.cat\/ceip-jruyra-l-h\/general\/un-grafiti-meravellos-per-acomiadar-el-curs\/","title":{"rendered":"Un grafiti meravell\u00f3s per acomiadar el curs"},"content":{"rendered":"<p><span style=\"font-weight: 400;\">Avui parlarem d\u2019una meravellosa not\u00edcia que ens ha deixat bocabadats. Uns sublims pintors han tenyit de fantasia, literatura i vida el nostre colossal pati.<\/span><\/p>\n<p><span style=\"font-weight: 400;\">La inefable obra d\u2019art va comen\u00e7ar un dilluns assolellat en el qual el cel estava tenyit d\u2019anyil. Per la nostra sorpresa, la paret estava tatuada de personatges molt famosos que apareixen en les obres cl\u00e0ssiques qu\u00e8 llegim i comentem durant les tert\u00falies liter\u00e0ries. <\/span><span style=\"font-weight: 400;\">Els magn\u00edfics artistes v<\/span><span style=\"font-weight: 400;\">an trigar tres dies, en acabar l\u2019espl\u00e8ndida obra d\u2019art i decorar les parets del pati amb un tsunami de milions de colors.<\/span><\/p>\n<p><span style=\"font-weight: 400;\">Amb la nova pintura estem m\u00e9s feli\u00e7os que un g\u00ednjol i acomiadem el curs amb el cor ple de llum i alegria. Ara s<\/span><span style=\"font-weight: 400;\">eria extraordinari que acabessin de pintar la resta del pati per posar la cirereta del past\u00eds.<\/span><\/p>\n<p><span style=\"font-weight: 400;\">Aquesta pintura \u00e9s fant\u00e0stica!<\/span><\/p>\n<p><img loading=\"lazy\" decoding=\"async\" class=\"alignnone wp-image-14634\" src=\"https:\/\/agora.xtec.cat\/ceip-jruyra-l-h\/wp-content\/uploads\/usu2049\/2023\/06\/PHOTO-2023-06-23-12-07-44-1024x768.jpg\" alt=\"\" width=\"719\" height=\"539\" srcset=\"https:\/\/agora.xtec.cat\/ceip-jruyra-l-h\/wp-content\/uploads\/usu2049\/2023\/06\/PHOTO-2023-06-23-12-07-44-1024x768.jpg 1024w, https:\/\/agora.xtec.cat\/ceip-jruyra-l-h\/wp-content\/uploads\/usu2049\/2023\/06\/PHOTO-2023-06-23-12-07-44-300x225.jpg 300w, https:\/\/agora.xtec.cat\/ceip-jruyra-l-h\/wp-content\/uploads\/usu2049\/2023\/06\/PHOTO-2023-06-23-12-07-44-768x576.jpg 768w, https:\/\/agora.xtec.cat\/ceip-jruyra-l-h\/wp-content\/uploads\/usu2049\/2023\/06\/PHOTO-2023-06-23-12-07-44-1536x1152.jpg 1536w, https:\/\/agora.xtec.cat\/ceip-jruyra-l-h\/wp-content\/uploads\/usu2049\/2023\/06\/PHOTO-2023-06-23-12-07-44-200x150.jpg 200w, https:\/\/agora.xtec.cat\/ceip-jruyra-l-h\/wp-content\/uploads\/usu2049\/2023\/06\/PHOTO-2023-06-23-12-07-44.jpg 2048w\" sizes=\"auto, (max-width: 719px) 100vw, 719px\" \/><\/p>\n<p><em>Not\u00edcia elaborada per les i els alumnes de 5\u00e8 A.<\/em><\/p>\n","protected":false},"excerpt":{"rendered":"<p>Avui parlarem d\u2019una meravellosa not\u00edcia que ens ha deixat bocabadats. Uns sublims pintors han tenyit de fantasia, literatura i vida el nostre colossal pati.<br \/>\nLa inefable obra d\u2019art va comen\u00e7ar un dilluns assolellat en el qual el cel estava tenyit d\u2019anyil. Per la nostra sorpresa, la&hellip;  <a href=\"https:\/\/agora.xtec.cat\/ceip-jruyra-l-h\/general\/un-grafiti-meravellos-per-acomiadar-el-curs\/\" title=\"Read Un grafiti meravell\u00f3s per acomiadar el curs\">Llegeix m\u00e9s\u00bb<\/a><\/p>\n","protected":false},"author":1,"featured_media":14634,"comment_status":"open","ping_status":"closed","sticky":false,"template":"","format":"standard","meta":{"_bbp_topic_count":0,"_bbp_reply_count":0,"_bbp_total_topic_count":0,"_bbp_total_reply_count":0,"_bbp_voice_count":0,"_bbp_anonymous_reply_count":0,"_bbp_topic_count_hidden":0,"_bbp_reply_count_hidden":0,"_bbp_forum_subforum_count":0,"footnotes":""},"categories":[14,60,1,4],"tags":[71,83,63],"class_list":["post-14633","post","type-post","status-publish","format-standard","has-post-thumbnail","hentry","category-5e","category-cdaxarxa","category-general","category-portada","tag-actuacions-educatives-dexit","tag-comunitats-daprenentatge","tag-tertulies-dialogiques"],"post_mailing_queue_ids":[],"_links":{"self":[{"href":"https:\/\/agora.xtec.cat\/ceip-jruyra-l-h\/wp-json\/wp\/v2\/posts\/14633","targetHints":{"allow":["GET"]}}],"collection":[{"href":"https:\/\/agora.xtec.cat\/ceip-jruyra-l-h\/wp-json\/wp\/v2\/posts"}],"about":[{"href":"https:\/\/agora.xtec.cat\/ceip-jruyra-l-h\/wp-json\/wp\/v2\/types\/post"}],"author":[{"embeddable":true,"href":"https:\/\/agora.xtec.cat\/ceip-jruyra-l-h\/wp-json\/wp\/v2\/users\/1"}],"replies":[{"embeddable":true,"href":"https:\/\/agora.xtec.cat\/ceip-jruyra-l-h\/wp-json\/wp\/v2\/comments?post=14633"}],"version-history":[{"count":3,"href":"https:\/\/agora.xtec.cat\/ceip-jruyra-l-h\/wp-json\/wp\/v2\/posts\/14633\/revisions"}],"predecessor-version":[{"id":14652,"href":"https:\/\/agora.xtec.cat\/ceip-jruyra-l-h\/wp-json\/wp\/v2\/posts\/14633\/revisions\/14652"}],"wp:featuredmedia":[{"embeddable":true,"href":"https:\/\/agora.xtec.cat\/ceip-jruyra-l-h\/wp-json\/wp\/v2\/media\/14634"}],"wp:attachment":[{"href":"https:\/\/agora.xtec.cat\/ceip-jruyra-l-h\/wp-json\/wp\/v2\/media?parent=14633"}],"wp:term":[{"taxonomy":"category","embeddable":true,"href":"https:\/\/agora.xtec.cat\/ceip-jruyra-l-h\/wp-json\/wp\/v2\/categories?post=14633"},{"taxonomy":"post_tag","embeddable":true,"href":"https:\/\/agora.xtec.cat\/ceip-jruyra-l-h\/wp-json\/wp\/v2\/tags?post=14633"}],"curies":[{"name":"wp","href":"https:\/\/api.w.org\/{rel}","templated":true}]}}