{"id":14600,"date":"2023-06-22T10:30:59","date_gmt":"2023-06-22T08:30:59","guid":{"rendered":"https:\/\/agora.xtec.cat\/ceip-jruyra-l-h\/?p=14600"},"modified":"2025-02-16T12:22:20","modified_gmt":"2025-02-16T11:22:20","slug":"el-sensei-de-matematiques-de-lescola-es-jubila","status":"publish","type":"post","link":"https:\/\/agora.xtec.cat\/ceip-jruyra-l-h\/general\/el-sensei-de-matematiques-de-lescola-es-jubila\/","title":{"rendered":"El sensei de matem\u00e0tiques de l&#8217;escola es jubila"},"content":{"rendered":"<p style=\"text-align: left;\">Aquest curs tenim una trista not\u00edcia que omple els cors dels i les alumnes del Joaquim Ruyra. El Jos\u00e9 Antonio se&#8217;ns jubila despr\u00e9s de d\u00e8cades ensenyant a les noves generacions de nens i nenes.<\/p>\n<p style=\"text-align: left;\">Aquest excels mestre i geni de les matem\u00e0tiques ens ha ensenyat a trav\u00e9s de les m\u00e9s competencials teories pedag\u00f2giques tot un univers de sabers en aquesta \u00e0rea.<\/p>\n<p style=\"text-align: left;\">La seva dedicaci\u00f3 i saviesa ens han acompanyat i guiat en el cam\u00ed dels coneixements, fent-nos apreciar i valorar les matem\u00e0tiques, les quals han esdevingut un tresor per a cadasc\u00fa i cadascuna de nosaltres.<\/p>\n<p style=\"text-align: left;\">Volem agrair-li el seu esfor\u00e7 i perseveran\u00e7a en la seva tasca docent que ens ha fet cr\u00e9ixer i convertir-nos en les meravelloses persones que som avui.<\/p>\n<p style=\"text-align: left;\">Sempre ser\u00e0s un dels capitans del nostre estimat Ruyra!<\/p>\n<p><img loading=\"lazy\" decoding=\"async\" class=\"alignnone size-large wp-image-14602 alignleft\" src=\"https:\/\/agora.xtec.cat\/ceip-jruyra-l-h\/wp-content\/uploads\/usu2049\/2023\/06\/IMG-20230620-WA0008-1024x768.jpg\" alt=\"\" width=\"1024\" height=\"768\" srcset=\"https:\/\/agora.xtec.cat\/ceip-jruyra-l-h\/wp-content\/uploads\/usu2049\/2023\/06\/IMG-20230620-WA0008-1024x768.jpg 1024w, https:\/\/agora.xtec.cat\/ceip-jruyra-l-h\/wp-content\/uploads\/usu2049\/2023\/06\/IMG-20230620-WA0008-300x225.jpg 300w, https:\/\/agora.xtec.cat\/ceip-jruyra-l-h\/wp-content\/uploads\/usu2049\/2023\/06\/IMG-20230620-WA0008-768x576.jpg 768w, https:\/\/agora.xtec.cat\/ceip-jruyra-l-h\/wp-content\/uploads\/usu2049\/2023\/06\/IMG-20230620-WA0008-1536x1152.jpg 1536w, https:\/\/agora.xtec.cat\/ceip-jruyra-l-h\/wp-content\/uploads\/usu2049\/2023\/06\/IMG-20230620-WA0008-200x150.jpg 200w, https:\/\/agora.xtec.cat\/ceip-jruyra-l-h\/wp-content\/uploads\/usu2049\/2023\/06\/IMG-20230620-WA0008.jpg 1600w\" sizes=\"auto, (max-width: 1024px) 100vw, 1024px\" \/> <img loading=\"lazy\" decoding=\"async\" class=\"alignnone size-large wp-image-14603 alignleft\" src=\"https:\/\/agora.xtec.cat\/ceip-jruyra-l-h\/wp-content\/uploads\/usu2049\/2023\/06\/IMG-20230620-WA0009-1024x768.jpg\" alt=\"\" width=\"1024\" height=\"768\" srcset=\"https:\/\/agora.xtec.cat\/ceip-jruyra-l-h\/wp-content\/uploads\/usu2049\/2023\/06\/IMG-20230620-WA0009-1024x768.jpg 1024w, https:\/\/agora.xtec.cat\/ceip-jruyra-l-h\/wp-content\/uploads\/usu2049\/2023\/06\/IMG-20230620-WA0009-300x225.jpg 300w, https:\/\/agora.xtec.cat\/ceip-jruyra-l-h\/wp-content\/uploads\/usu2049\/2023\/06\/IMG-20230620-WA0009-768x576.jpg 768w, https:\/\/agora.xtec.cat\/ceip-jruyra-l-h\/wp-content\/uploads\/usu2049\/2023\/06\/IMG-20230620-WA0009-1536x1152.jpg 1536w, https:\/\/agora.xtec.cat\/ceip-jruyra-l-h\/wp-content\/uploads\/usu2049\/2023\/06\/IMG-20230620-WA0009-200x150.jpg 200w, https:\/\/agora.xtec.cat\/ceip-jruyra-l-h\/wp-content\/uploads\/usu2049\/2023\/06\/IMG-20230620-WA0009.jpg 1600w\" sizes=\"auto, (max-width: 1024px) 100vw, 1024px\" \/> <img loading=\"lazy\" decoding=\"async\" class=\"alignnone size-large wp-image-14604 alignleft\" src=\"https:\/\/agora.xtec.cat\/ceip-jruyra-l-h\/wp-content\/uploads\/usu2049\/2023\/06\/IMG-20230620-WA0001-457x768.jpg\" alt=\"\" width=\"457\" height=\"768\" srcset=\"https:\/\/agora.xtec.cat\/ceip-jruyra-l-h\/wp-content\/uploads\/usu2049\/2023\/06\/IMG-20230620-WA0001-457x768.jpg 457w, https:\/\/agora.xtec.cat\/ceip-jruyra-l-h\/wp-content\/uploads\/usu2049\/2023\/06\/IMG-20230620-WA0001-179x300.jpg 179w, https:\/\/agora.xtec.cat\/ceip-jruyra-l-h\/wp-content\/uploads\/usu2049\/2023\/06\/IMG-20230620-WA0001.jpg 705w\" sizes=\"auto, (max-width: 457px) 100vw, 457px\" \/> <img loading=\"lazy\" decoding=\"async\" class=\"alignnone size-large wp-image-14605 alignleft\" src=\"https:\/\/agora.xtec.cat\/ceip-jruyra-l-h\/wp-content\/uploads\/usu2049\/2023\/06\/IMG-20230620-WA0000-664x768.jpg\" alt=\"\" width=\"664\" height=\"768\" srcset=\"https:\/\/agora.xtec.cat\/ceip-jruyra-l-h\/wp-content\/uploads\/usu2049\/2023\/06\/IMG-20230620-WA0000-664x768.jpg 664w, https:\/\/agora.xtec.cat\/ceip-jruyra-l-h\/wp-content\/uploads\/usu2049\/2023\/06\/IMG-20230620-WA0000-259x300.jpg 259w, https:\/\/agora.xtec.cat\/ceip-jruyra-l-h\/wp-content\/uploads\/usu2049\/2023\/06\/IMG-20230620-WA0000.jpg 705w\" sizes=\"auto, (max-width: 664px) 100vw, 664px\" \/><\/p>\n","protected":false},"excerpt":{"rendered":"<p>Aquest curs tenim una trista not\u00edcia que omple els cors dels i les alumnes del Joaquim Ruyra. El Jos\u00e9 Antonio se&#8217;ns jubila despr\u00e9s de d\u00e8cades ensenyant a les noves generacions de nens i nenes.<br \/>\nAquest excels mestre i geni de les matem\u00e0tiques ens ha ensenyat a&hellip;  <a href=\"https:\/\/agora.xtec.cat\/ceip-jruyra-l-h\/general\/el-sensei-de-matematiques-de-lescola-es-jubila\/\" title=\"Read El sensei de matem\u00e0tiques de l&#8217;escola es jubila\">Llegeix m\u00e9s\u00bb<\/a><\/p>\n","protected":false},"author":1,"featured_media":14602,"comment_status":"open","ping_status":"closed","sticky":false,"template":"","format":"standard","meta":{"_bbp_topic_count":0,"_bbp_reply_count":0,"_bbp_total_topic_count":0,"_bbp_total_reply_count":0,"_bbp_voice_count":0,"_bbp_anonymous_reply_count":0,"_bbp_topic_count_hidden":0,"_bbp_reply_count_hidden":0,"_bbp_forum_subforum_count":0,"footnotes":""},"categories":[15,60,1,4],"tags":[71,83,64],"class_list":["post-14600","post","type-post","status-publish","format-standard","has-post-thumbnail","hentry","category-6e","category-cdaxarxa","category-general","category-portada","tag-actuacions-educatives-dexit","tag-comunitats-daprenentatge","tag-grups-interactius"],"post_mailing_queue_ids":[],"_links":{"self":[{"href":"https:\/\/agora.xtec.cat\/ceip-jruyra-l-h\/wp-json\/wp\/v2\/posts\/14600","targetHints":{"allow":["GET"]}}],"collection":[{"href":"https:\/\/agora.xtec.cat\/ceip-jruyra-l-h\/wp-json\/wp\/v2\/posts"}],"about":[{"href":"https:\/\/agora.xtec.cat\/ceip-jruyra-l-h\/wp-json\/wp\/v2\/types\/post"}],"author":[{"embeddable":true,"href":"https:\/\/agora.xtec.cat\/ceip-jruyra-l-h\/wp-json\/wp\/v2\/users\/1"}],"replies":[{"embeddable":true,"href":"https:\/\/agora.xtec.cat\/ceip-jruyra-l-h\/wp-json\/wp\/v2\/comments?post=14600"}],"version-history":[{"count":3,"href":"https:\/\/agora.xtec.cat\/ceip-jruyra-l-h\/wp-json\/wp\/v2\/posts\/14600\/revisions"}],"predecessor-version":[{"id":14618,"href":"https:\/\/agora.xtec.cat\/ceip-jruyra-l-h\/wp-json\/wp\/v2\/posts\/14600\/revisions\/14618"}],"wp:featuredmedia":[{"embeddable":true,"href":"https:\/\/agora.xtec.cat\/ceip-jruyra-l-h\/wp-json\/wp\/v2\/media\/14602"}],"wp:attachment":[{"href":"https:\/\/agora.xtec.cat\/ceip-jruyra-l-h\/wp-json\/wp\/v2\/media?parent=14600"}],"wp:term":[{"taxonomy":"category","embeddable":true,"href":"https:\/\/agora.xtec.cat\/ceip-jruyra-l-h\/wp-json\/wp\/v2\/categories?post=14600"},{"taxonomy":"post_tag","embeddable":true,"href":"https:\/\/agora.xtec.cat\/ceip-jruyra-l-h\/wp-json\/wp\/v2\/tags?post=14600"}],"curies":[{"name":"wp","href":"https:\/\/api.w.org\/{rel}","templated":true}]}}