{"id":14584,"date":"2023-06-22T19:55:34","date_gmt":"2023-06-22T17:55:34","guid":{"rendered":"https:\/\/agora.xtec.cat\/ceip-jruyra-l-h\/?p=14584"},"modified":"2025-02-16T12:22:20","modified_gmt":"2025-02-16T11:22:20","slug":"i3-b-els-grups-interactius-del-mes-de-juny","status":"publish","type":"post","link":"https:\/\/agora.xtec.cat\/ceip-jruyra-l-h\/general\/i3-b-els-grups-interactius-del-mes-de-juny\/","title":{"rendered":"I3 B, ELS GRUPS INTERACTIUS DEL MES DE JUNY."},"content":{"rendered":"<p>Hola, fam\u00edlies de l&#8217;Escola Joaquim <span class=\"hiddenSpellError\">Ruyra<\/span>.<br \/>\nEn aquest article veurem els darrers grups d&#8217;interactius d&#8217;aquest curs 2022-2023.<br \/>\nHa estat un plaer poder compartir aquesta estona en vosaltres.<br \/>\nSi no heu pogut participar aquest curs, ho sentim molt. Per\u00f2 no us preocupeu que tindreu tot els cursos d&#8217;Infantil i de prim\u00e0ria per poder assistir.<br \/>\nEn aquest mes, han participat la mama de Dante (<span class=\"hiddenSpellError\" style=\"padding-bottom: 2px; background-image: url('..\/..\/..\/..\/..\/images\/squiggle_red.png'); background-position: left bottom; cursor: default; color: #000000; font-family: 'Open Sans', Helvetica, Arial, sans-serif; font-size: 16px; font-style: normal; font-weight: 300; letter-spacing: normal; text-align: start; text-indent: 0px; text-transform: none;\">Esperanza<\/span>), la mama de\u00a0<span class=\"hiddenSpellError\" style=\"padding-bottom: 2px; background-image: url('..\/..\/..\/..\/..\/images\/squiggle_red.png'); background-position: left bottom; cursor: default; color: #000000; font-family: 'Open Sans', Helvetica, Arial, sans-serif; font-size: 16px; font-style: normal; font-weight: 300; letter-spacing: normal; text-align: start; text-indent: 0px; text-transform: none;\">Mayar<\/span>\u00a0(<span class=\"hiddenSpellError\" style=\"padding-bottom: 2px; background-image: url('..\/..\/..\/..\/..\/images\/squiggle_red.png'); background-position: left bottom; cursor: default; color: #000000; font-family: 'Open Sans', Helvetica, Arial, sans-serif; font-size: 16px; font-style: normal; font-weight: 300; letter-spacing: normal; text-align: start; text-indent: 0px; text-transform: none;\">Ghada<\/span>) i la mama de Mohamed (<span class=\"hiddenSpellError\" style=\"padding-bottom: 2px; background-image: url('..\/..\/..\/..\/..\/images\/squiggle_red.png'); background-position: left bottom; cursor: default; color: #000000; font-family: 'Open Sans', Helvetica, Arial, sans-serif; font-size: 16px; font-style: normal; font-weight: 300; letter-spacing: normal; text-align: start; text-indent: 0px; text-transform: none;\">Khadi<\/span>)<br \/>\nAqu\u00ed teniu l&#8217;enlla\u00e7 per poder veure, com hem treballat en aquestes sessions.<br \/>\nPerdoneu si en alguns grups hi ha moltes m\u00e9s fotos que en altres, dep\u00e8n de les activitats que es realitzen, podem dedicar m\u00e9s temps a fer fotos.<\/p>\n<p>Enlla\u00e7 de Mama de Dante<\/p>\n<p><a href=\"https:\/\/drive.google.com\/drive\/folders\/1UN7Po1oWAcVnOA0fcxCs_hX8RX1LviZs?usp=sharing\">https:\/\/drive.google.com\/drive\/folders\/1UN7Po1oWAcVnOA0fcxCs_hX8RX1LviZs?usp=sharing<\/a><\/p>\n<p>Enlla\u00e7\u00a0 de Mama de Mayar<\/p>\n<p><a href=\"https:\/\/drive.google.com\/drive\/folders\/1GdxFvnfiMS6peOkRsYxa4_Oc18wlZGUN?usp=sharing\">https:\/\/drive.google.com\/drive\/folders\/1GdxFvnfiMS6peOkRsYxa4_Oc18wlZGUN?usp=sharing<\/a><\/p>\n<p>Enlla\u00e7 de\u00a0 Mama de Mohamed<\/p>\n<p><a href=\"https:\/\/drive.google.com\/drive\/folders\/1MRB79VF5zfsDYyZPbXE83hzvQ5_lx8ki?usp=sharing\">https:\/\/drive.google.com\/drive\/folders\/1MRB79VF5zfsDYyZPbXE83hzvQ5_lx8ki?usp=sharing<\/a><\/p>\n<p>Desitjo que us hagi agradat<span class=\"hiddenGrammarError\">,<\/span>\u00a0i els que no\u00a0<span class=\"hiddenGrammarError\">han<\/span>\u00a0pogut participar aquest curs\u00a0 us animeu\u00a0 a fer-ho.<\/p>\n<p>Bones Vacances d&#8217;Estiu<\/p>\n","protected":false},"excerpt":{"rendered":"<p>Hola, fam\u00edlies de l&#8217;Escola Joaquim Ruyra.<br \/>\nEn aquest article veurem els darrers grups d&#8217;interactius d&#8217;aquest curs 2022-2023.<br \/>\nHa estat un plaer poder compartir aquesta estona en vosaltres.<br \/>\nSi no heu pogut participar aquest curs, ho sentim molt. Per\u00f2 no us preocupeu que tindreu tot els cursos d&#8217;Infantil i&hellip;  <a href=\"https:\/\/agora.xtec.cat\/ceip-jruyra-l-h\/general\/i3-b-els-grups-interactius-del-mes-de-juny\/\" title=\"Read I3 B, ELS GRUPS INTERACTIUS DEL MES DE JUNY.\">Llegeix m\u00e9s\u00bb<\/a><\/p>\n","protected":false},"author":1,"featured_media":14590,"comment_status":"open","ping_status":"closed","sticky":false,"template":"","format":"standard","meta":{"_bbp_topic_count":0,"_bbp_reply_count":0,"_bbp_total_topic_count":0,"_bbp_total_reply_count":0,"_bbp_voice_count":0,"_bbp_anonymous_reply_count":0,"_bbp_topic_count_hidden":0,"_bbp_reply_count_hidden":0,"_bbp_forum_subforum_count":0,"footnotes":""},"categories":[60,1,2,3,4],"tags":[71,83,64],"class_list":["post-14584","post","type-post","status-publish","format-standard","has-post-thumbnail","hentry","category-cdaxarxa","category-general","category-infantil","category-i3","category-portada","tag-actuacions-educatives-dexit","tag-comunitats-daprenentatge","tag-grups-interactius"],"post_mailing_queue_ids":[],"_links":{"self":[{"href":"https:\/\/agora.xtec.cat\/ceip-jruyra-l-h\/wp-json\/wp\/v2\/posts\/14584","targetHints":{"allow":["GET"]}}],"collection":[{"href":"https:\/\/agora.xtec.cat\/ceip-jruyra-l-h\/wp-json\/wp\/v2\/posts"}],"about":[{"href":"https:\/\/agora.xtec.cat\/ceip-jruyra-l-h\/wp-json\/wp\/v2\/types\/post"}],"author":[{"embeddable":true,"href":"https:\/\/agora.xtec.cat\/ceip-jruyra-l-h\/wp-json\/wp\/v2\/users\/1"}],"replies":[{"embeddable":true,"href":"https:\/\/agora.xtec.cat\/ceip-jruyra-l-h\/wp-json\/wp\/v2\/comments?post=14584"}],"version-history":[{"count":3,"href":"https:\/\/agora.xtec.cat\/ceip-jruyra-l-h\/wp-json\/wp\/v2\/posts\/14584\/revisions"}],"predecessor-version":[{"id":14588,"href":"https:\/\/agora.xtec.cat\/ceip-jruyra-l-h\/wp-json\/wp\/v2\/posts\/14584\/revisions\/14588"}],"wp:featuredmedia":[{"embeddable":true,"href":"https:\/\/agora.xtec.cat\/ceip-jruyra-l-h\/wp-json\/wp\/v2\/media\/14590"}],"wp:attachment":[{"href":"https:\/\/agora.xtec.cat\/ceip-jruyra-l-h\/wp-json\/wp\/v2\/media?parent=14584"}],"wp:term":[{"taxonomy":"category","embeddable":true,"href":"https:\/\/agora.xtec.cat\/ceip-jruyra-l-h\/wp-json\/wp\/v2\/categories?post=14584"},{"taxonomy":"post_tag","embeddable":true,"href":"https:\/\/agora.xtec.cat\/ceip-jruyra-l-h\/wp-json\/wp\/v2\/tags?post=14584"}],"curies":[{"name":"wp","href":"https:\/\/api.w.org\/{rel}","templated":true}]}}