{"id":14518,"date":"2023-06-18T13:20:36","date_gmt":"2023-06-18T11:20:36","guid":{"rendered":"https:\/\/agora.xtec.cat\/ceip-jruyra-l-h\/?p=14518"},"modified":"2023-06-21T19:29:28","modified_gmt":"2023-06-21T17:29:28","slug":"i3a-el-cap-de-setmana-del-gael","status":"publish","type":"post","link":"https:\/\/agora.xtec.cat\/ceip-jruyra-l-h\/infantil\/i3\/i3a-el-cap-de-setmana-del-gael\/","title":{"rendered":"I3A: EL CAP DE SETMANA DEL GAEL"},"content":{"rendered":"<p>Hola a tothom!! La setmana passada ens va explicar el seu cap de setmana el nostre company de la classe dels Pinzells, el Gael.<\/p>\n<p><img loading=\"lazy\" decoding=\"async\" class=\"alignnone size-large wp-image-14519\" src=\"https:\/\/agora.xtec.cat\/ceip-jruyra-l-h\/wp-content\/uploads\/usu2049\/2023\/06\/12-576x768.jpg\" alt=\"\" width=\"576\" height=\"768\" srcset=\"https:\/\/agora.xtec.cat\/ceip-jruyra-l-h\/wp-content\/uploads\/usu2049\/2023\/06\/12-576x768.jpg 576w, https:\/\/agora.xtec.cat\/ceip-jruyra-l-h\/wp-content\/uploads\/usu2049\/2023\/06\/12-225x300.jpg 225w, https:\/\/agora.xtec.cat\/ceip-jruyra-l-h\/wp-content\/uploads\/usu2049\/2023\/06\/12-768x1024.jpg 768w, https:\/\/agora.xtec.cat\/ceip-jruyra-l-h\/wp-content\/uploads\/usu2049\/2023\/06\/12-1152x1536.jpg 1152w, https:\/\/agora.xtec.cat\/ceip-jruyra-l-h\/wp-content\/uploads\/usu2049\/2023\/06\/12-1536x2048.jpg 1536w, https:\/\/agora.xtec.cat\/ceip-jruyra-l-h\/wp-content\/uploads\/usu2049\/2023\/06\/12-scaled.jpg 1920w\" sizes=\"auto, (max-width: 576px) 100vw, 576px\" \/><\/p>\n<p>Va estar molt emocionat per compartir amb tots i totes les activitats que va fer. El dissabte va anar a la piscina amb el seu pare i li va agradar tant que no volia sortir de l\u2019aigua. A la tarda, va anar amb la mare i la seva germana Juliette al parc on s\u2019ho van passar d\u2019all\u00f2 m\u00e9s b\u00e9. Diumenge van gaudir de les activitats gratu\u00eftes del Caixa F\u00f2rum, que si no heu anat mai, us ho recomano pels vostres petits. Un altre dia a casa, van estar fent deures a la seva pissarra escrivint lletres. Ho voleu veure?<\/p>\n<p>Aqu\u00ed us pengem l\u2019enlla\u00e7 dels v\u00eddeos i les fotos de la seva explicaci\u00f3.<\/p>\n<p><a href=\"https:\/\/drive.google.com\/drive\/folders\/1uzwwYkp51i_8Zkp8v9gsXXU9f7y7Bodb?usp=share_link\">https:\/\/drive.google.com\/drive\/folders\/1uzwwYkp51i_8Zkp8v9gsXXU9f7y7Bodb?usp=share_link<\/a><\/p>\n<p>Gr\u00e0cies a la seva fam\u00edlia per la seva col\u00b7laboraci\u00f3.<\/p>\n","protected":false},"excerpt":{"rendered":"<p>Hola a tothom!! La setmana passada ens va explicar el seu cap de setmana el nostre company de la classe dels Pinzells, el Gael.<\/p>\n<p>Va estar molt emocionat per compartir amb tots i totes les activitats que va fer. El dissabte va anar a la piscina&hellip;  <a href=\"https:\/\/agora.xtec.cat\/ceip-jruyra-l-h\/infantil\/i3\/i3a-el-cap-de-setmana-del-gael\/\" title=\"Read I3A: EL CAP DE SETMANA DEL GAEL\">Llegeix m\u00e9s\u00bb<\/a><\/p>\n","protected":false},"author":1,"featured_media":14519,"comment_status":"open","ping_status":"closed","sticky":false,"template":"","format":"standard","meta":{"_bbp_topic_count":0,"_bbp_reply_count":0,"_bbp_total_topic_count":0,"_bbp_total_reply_count":0,"_bbp_voice_count":0,"_bbp_anonymous_reply_count":0,"_bbp_topic_count_hidden":0,"_bbp_reply_count_hidden":0,"_bbp_forum_subforum_count":0,"footnotes":""},"categories":[3],"tags":[],"class_list":["post-14518","post","type-post","status-publish","format-standard","has-post-thumbnail","hentry","category-i3"],"post_mailing_queue_ids":[],"_links":{"self":[{"href":"https:\/\/agora.xtec.cat\/ceip-jruyra-l-h\/wp-json\/wp\/v2\/posts\/14518","targetHints":{"allow":["GET"]}}],"collection":[{"href":"https:\/\/agora.xtec.cat\/ceip-jruyra-l-h\/wp-json\/wp\/v2\/posts"}],"about":[{"href":"https:\/\/agora.xtec.cat\/ceip-jruyra-l-h\/wp-json\/wp\/v2\/types\/post"}],"author":[{"embeddable":true,"href":"https:\/\/agora.xtec.cat\/ceip-jruyra-l-h\/wp-json\/wp\/v2\/users\/1"}],"replies":[{"embeddable":true,"href":"https:\/\/agora.xtec.cat\/ceip-jruyra-l-h\/wp-json\/wp\/v2\/comments?post=14518"}],"version-history":[{"count":3,"href":"https:\/\/agora.xtec.cat\/ceip-jruyra-l-h\/wp-json\/wp\/v2\/posts\/14518\/revisions"}],"predecessor-version":[{"id":14632,"href":"https:\/\/agora.xtec.cat\/ceip-jruyra-l-h\/wp-json\/wp\/v2\/posts\/14518\/revisions\/14632"}],"wp:featuredmedia":[{"embeddable":true,"href":"https:\/\/agora.xtec.cat\/ceip-jruyra-l-h\/wp-json\/wp\/v2\/media\/14519"}],"wp:attachment":[{"href":"https:\/\/agora.xtec.cat\/ceip-jruyra-l-h\/wp-json\/wp\/v2\/media?parent=14518"}],"wp:term":[{"taxonomy":"category","embeddable":true,"href":"https:\/\/agora.xtec.cat\/ceip-jruyra-l-h\/wp-json\/wp\/v2\/categories?post=14518"},{"taxonomy":"post_tag","embeddable":true,"href":"https:\/\/agora.xtec.cat\/ceip-jruyra-l-h\/wp-json\/wp\/v2\/tags?post=14518"}],"curies":[{"name":"wp","href":"https:\/\/api.w.org\/{rel}","templated":true}]}}