{"id":14496,"date":"2023-06-13T11:26:06","date_gmt":"2023-06-13T09:26:06","guid":{"rendered":"https:\/\/agora.xtec.cat\/ceip-jruyra-l-h\/?p=14496"},"modified":"2023-06-01T11:34:50","modified_gmt":"2023-06-01T09:34:50","slug":"i5-sortida-a-la-granja","status":"publish","type":"post","link":"https:\/\/agora.xtec.cat\/ceip-jruyra-l-h\/infantil\/i5\/i5-sortida-a-la-granja\/","title":{"rendered":"I5: Sortida a La Granja"},"content":{"rendered":"<p>Hola, fam\u00edlies!<\/p>\n<p>Com ja sabeu, el dilluns passat vam fer una sortida divertid\u00edssima a la granja de Les Pedreres.<\/p>\n<p>Despr\u00e9s d\u2019un viatge molt emocionant i divertit en autocar, vam arribar a la casa i vam agafar forces per les activitats que despr\u00e9s far\u00edem amb un bon esmorzar entre amics i amigues.<\/p>\n<p>Ens vam posar en marxa per la granja\u2026 i vam aprendre coses molt interessants!!<\/p>\n<p>Vam aprendre a munyir vaques; vam alimentar i visitar oques, \u00e0necs, conills, ponis\u2026 I fins i tot, vam con\u00e8ixer un porc molt vellet que feia 17 anys que vivia a la granja!<\/p>\n<p>I abans de dinar, les gallines van deixar els seus ous per la granja i vam ajudar els grangers a buscar-los. Com a agra\u00efment, ens van regalar un ou de corral d&#8217;all\u00f2 m\u00e9s bo!<\/p>\n<p>Finalment, vam dinar i va arribar l\u2019hora de tornar a l\u2019escola en autocar. Ja est\u00e0vem tan cansats i cansades que ja no vam ni cantar sin\u00f3 que vam fer una gran migdiada ben llarga somiant amb les aventures que hav\u00edem viscut a la granja.<\/p>\n<p><a href=\"https:\/\/drive.google.com\/drive\/folders\/1UliIZSiHBgJJ_vQUIOM3YD4uzK6T8Te1?usp=sharing\">https:\/\/drive.google.com\/drive\/folders\/1UliIZSiHBgJJ_vQUIOM3YD4uzK6T8Te1?usp=sharing<\/a><\/p>\n<p><img loading=\"lazy\" decoding=\"async\" class=\"size-full wp-image-14484 alignleft\" src=\"https:\/\/agora.xtec.cat\/ceip-jruyra-l-h\/wp-content\/uploads\/usu2049\/2023\/05\/GRANJA-LES-PEDRERES2.jpg\" alt=\"\" width=\"800\" height=\"542\" srcset=\"https:\/\/agora.xtec.cat\/ceip-jruyra-l-h\/wp-content\/uploads\/usu2049\/2023\/05\/GRANJA-LES-PEDRERES2.jpg 800w, https:\/\/agora.xtec.cat\/ceip-jruyra-l-h\/wp-content\/uploads\/usu2049\/2023\/05\/GRANJA-LES-PEDRERES2-300x203.jpg 300w, https:\/\/agora.xtec.cat\/ceip-jruyra-l-h\/wp-content\/uploads\/usu2049\/2023\/05\/GRANJA-LES-PEDRERES2-768x520.jpg 768w\" sizes=\"auto, (max-width: 800px) 100vw, 800px\" \/><\/p>\n<p>&nbsp;<\/p>\n","protected":false},"excerpt":{"rendered":"<p>Hola, fam\u00edlies!<br \/>\nCom ja sabeu, el dilluns passat vam fer una sortida divertid\u00edssima a la granja de Les Pedreres.<br \/>\nDespr\u00e9s d\u2019un viatge molt emocionant i divertit en autocar, vam arribar a la casa i vam agafar forces per les activitats que despr\u00e9s far\u00edem amb un bon esmorzar&hellip;  <a href=\"https:\/\/agora.xtec.cat\/ceip-jruyra-l-h\/infantil\/i5\/i5-sortida-a-la-granja\/\" title=\"Read I5: Sortida a La Granja\">Llegeix m\u00e9s\u00bb<\/a><\/p>\n","protected":false},"author":1,"featured_media":14484,"comment_status":"open","ping_status":"closed","sticky":false,"template":"","format":"standard","meta":{"_bbp_topic_count":0,"_bbp_reply_count":0,"_bbp_total_topic_count":0,"_bbp_total_reply_count":0,"_bbp_voice_count":0,"_bbp_anonymous_reply_count":0,"_bbp_topic_count_hidden":0,"_bbp_reply_count_hidden":0,"_bbp_forum_subforum_count":0,"footnotes":""},"categories":[9],"tags":[],"class_list":["post-14496","post","type-post","status-publish","format-standard","has-post-thumbnail","hentry","category-i5"],"post_mailing_queue_ids":[],"_links":{"self":[{"href":"https:\/\/agora.xtec.cat\/ceip-jruyra-l-h\/wp-json\/wp\/v2\/posts\/14496","targetHints":{"allow":["GET"]}}],"collection":[{"href":"https:\/\/agora.xtec.cat\/ceip-jruyra-l-h\/wp-json\/wp\/v2\/posts"}],"about":[{"href":"https:\/\/agora.xtec.cat\/ceip-jruyra-l-h\/wp-json\/wp\/v2\/types\/post"}],"author":[{"embeddable":true,"href":"https:\/\/agora.xtec.cat\/ceip-jruyra-l-h\/wp-json\/wp\/v2\/users\/1"}],"replies":[{"embeddable":true,"href":"https:\/\/agora.xtec.cat\/ceip-jruyra-l-h\/wp-json\/wp\/v2\/comments?post=14496"}],"version-history":[{"count":3,"href":"https:\/\/agora.xtec.cat\/ceip-jruyra-l-h\/wp-json\/wp\/v2\/posts\/14496\/revisions"}],"predecessor-version":[{"id":14507,"href":"https:\/\/agora.xtec.cat\/ceip-jruyra-l-h\/wp-json\/wp\/v2\/posts\/14496\/revisions\/14507"}],"wp:featuredmedia":[{"embeddable":true,"href":"https:\/\/agora.xtec.cat\/ceip-jruyra-l-h\/wp-json\/wp\/v2\/media\/14484"}],"wp:attachment":[{"href":"https:\/\/agora.xtec.cat\/ceip-jruyra-l-h\/wp-json\/wp\/v2\/media?parent=14496"}],"wp:term":[{"taxonomy":"category","embeddable":true,"href":"https:\/\/agora.xtec.cat\/ceip-jruyra-l-h\/wp-json\/wp\/v2\/categories?post=14496"},{"taxonomy":"post_tag","embeddable":true,"href":"https:\/\/agora.xtec.cat\/ceip-jruyra-l-h\/wp-json\/wp\/v2\/tags?post=14496"}],"curies":[{"name":"wp","href":"https:\/\/api.w.org\/{rel}","templated":true}]}}