{"id":14472,"date":"2023-06-02T20:45:45","date_gmt":"2023-06-02T18:45:45","guid":{"rendered":"https:\/\/agora.xtec.cat\/ceip-jruyra-l-h\/?p=14472"},"modified":"2025-02-16T12:22:31","modified_gmt":"2025-02-16T11:22:31","slug":"grups-interactius-di3b","status":"publish","type":"post","link":"https:\/\/agora.xtec.cat\/ceip-jruyra-l-h\/general\/grups-interactius-di3b\/","title":{"rendered":"GRUPS INTERACTIUS D&#8217;I3B"},"content":{"rendered":"<p>Hola, fam\u00edlies.<br \/>\nDurant aquest mes de\u00a0<span class=\"hiddenGrammarError\" style=\"padding-bottom: 2px; background-image: url('..\/..\/..\/..\/..\/images\/squiggle.png'); background-position: left bottom; cursor: default; color: #000000; font-family: 'Open Sans', Helvetica, Arial, sans-serif; font-size: 16px; font-style: normal; font-weight: 300; letter-spacing: normal; text-align: start; text-indent: 0px; text-transform: none;\">Maig<\/span>\u00a0ens han visitat mares per fer els grups interactius que fem tres cops a la setmana.<br \/>\nEns ha vingut a veure la mare d&#8217;en\u00a0<span class=\"hiddenSpellError\">Jayden<\/span><span class=\"hiddenGrammarError\">\u00a0,<\/span>\u00a0que ho sento per no haver fet fotos mentre ens ajudava a fer l&#8217;activitat, la mare del\u00a0<span class=\"hiddenSpellError\">Younes<\/span>\u00a0<span class=\"hiddenGrammarError\">y<\/span>\u00a0la d&#8217;en\u00a0<span class=\"hiddenSpellError\">Yirko<\/span>.<br \/>\nHa estat una bona experi\u00e8ncia treballar amb les mares, els tres nens estaven superemocionats i molt contents.<br \/>\nDesitjo que el pr\u00f2xim mes de juny tinguem m\u00e9s visites de mares i pares, algunes ja estan programades i d&#8217;altres es faran durant aquests dies.<br \/>\nGr\u00e0cies per la participaci\u00f3 i si aquest any no ha pogut ser, durant tota la prim\u00e0ria tindreu temps d&#8217;intervenir en aquesta gran experi\u00e8ncia.<br \/>\nAqu\u00ed us deixo els enlla\u00e7os de les fotografies<\/p>\n<p>MAMA DE JAYDEN\u00a0<a href=\"https:\/\/drive.google.com\/drive\/folders\/1fcNwFqjviPf-q72wS54Byoi_4T0AZiCd?usp=share_link\">https:\/\/drive.google.com\/drive\/folders\/1fcNwFqjviPf-q72wS54Byoi_4T0AZiCd?usp=share_link<\/a><\/p>\n<p>MAMA DE YOUNES <a href=\"https:\/\/drive.google.com\/drive\/folders\/1h2zu48lP96xT6DJxmipsx5ZPirb1F9tx?usp=share_link\">https:\/\/drive.google.com\/drive\/folders\/1h2zu48lP96xT6DJxmipsx5ZPirb1F9tx?usp=share_link<\/a><\/p>\n<p>MAMA DE YIRKO\u00a0<a href=\"https:\/\/drive.google.com\/drive\/folders\/1owOSF_k6XS9HP-oPNgl5W6Z1nQxi0qrx?usp=share_link\">https:\/\/drive.google.com\/drive\/folders\/1owOSF_k6XS9HP-oPNgl5W6Z1nQxi0qrx?usp=share_link<\/a><\/p>\n<p>Gr\u00e0cies per tot.<\/p>\n","protected":false},"excerpt":{"rendered":"<p>Hola, fam\u00edlies.<br \/>\nDurant aquest mes de\u00a0Maig\u00a0ens han visitat mares per fer els grups interactius que fem tres cops a la setmana.<br \/>\nEns ha vingut a veure la mare d&#8217;en\u00a0Jayden\u00a0,\u00a0que ho sento per no haver fet fotos mentre ens ajudava a fer l&#8217;activitat, la mare del\u00a0Younes\u00a0y\u00a0la d&#8217;en\u00a0Yirko.<br \/>\nHa estat&hellip;  <a href=\"https:\/\/agora.xtec.cat\/ceip-jruyra-l-h\/general\/grups-interactius-di3b\/\" title=\"Read GRUPS INTERACTIUS D&#8217;I3B\">Llegeix m\u00e9s\u00bb<\/a><\/p>\n","protected":false},"author":1,"featured_media":14499,"comment_status":"open","ping_status":"closed","sticky":false,"template":"","format":"standard","meta":{"_bbp_topic_count":0,"_bbp_reply_count":0,"_bbp_total_topic_count":0,"_bbp_total_reply_count":0,"_bbp_voice_count":0,"_bbp_anonymous_reply_count":0,"_bbp_topic_count_hidden":0,"_bbp_reply_count_hidden":0,"_bbp_forum_subforum_count":0,"footnotes":""},"categories":[60,1,3,4],"tags":[71,83,64],"class_list":["post-14472","post","type-post","status-publish","format-standard","has-post-thumbnail","hentry","category-cdaxarxa","category-general","category-i3","category-portada","tag-actuacions-educatives-dexit","tag-comunitats-daprenentatge","tag-grups-interactius"],"post_mailing_queue_ids":[],"_links":{"self":[{"href":"https:\/\/agora.xtec.cat\/ceip-jruyra-l-h\/wp-json\/wp\/v2\/posts\/14472","targetHints":{"allow":["GET"]}}],"collection":[{"href":"https:\/\/agora.xtec.cat\/ceip-jruyra-l-h\/wp-json\/wp\/v2\/posts"}],"about":[{"href":"https:\/\/agora.xtec.cat\/ceip-jruyra-l-h\/wp-json\/wp\/v2\/types\/post"}],"author":[{"embeddable":true,"href":"https:\/\/agora.xtec.cat\/ceip-jruyra-l-h\/wp-json\/wp\/v2\/users\/1"}],"replies":[{"embeddable":true,"href":"https:\/\/agora.xtec.cat\/ceip-jruyra-l-h\/wp-json\/wp\/v2\/comments?post=14472"}],"version-history":[{"count":2,"href":"https:\/\/agora.xtec.cat\/ceip-jruyra-l-h\/wp-json\/wp\/v2\/posts\/14472\/revisions"}],"predecessor-version":[{"id":14500,"href":"https:\/\/agora.xtec.cat\/ceip-jruyra-l-h\/wp-json\/wp\/v2\/posts\/14472\/revisions\/14500"}],"wp:featuredmedia":[{"embeddable":true,"href":"https:\/\/agora.xtec.cat\/ceip-jruyra-l-h\/wp-json\/wp\/v2\/media\/14499"}],"wp:attachment":[{"href":"https:\/\/agora.xtec.cat\/ceip-jruyra-l-h\/wp-json\/wp\/v2\/media?parent=14472"}],"wp:term":[{"taxonomy":"category","embeddable":true,"href":"https:\/\/agora.xtec.cat\/ceip-jruyra-l-h\/wp-json\/wp\/v2\/categories?post=14472"},{"taxonomy":"post_tag","embeddable":true,"href":"https:\/\/agora.xtec.cat\/ceip-jruyra-l-h\/wp-json\/wp\/v2\/tags?post=14472"}],"curies":[{"name":"wp","href":"https:\/\/api.w.org\/{rel}","templated":true}]}}