{"id":14468,"date":"2023-06-09T11:19:50","date_gmt":"2023-06-09T09:19:50","guid":{"rendered":"https:\/\/agora.xtec.cat\/ceip-jruyra-l-h\/?p=14468"},"modified":"2023-06-01T11:21:55","modified_gmt":"2023-06-01T09:21:55","slug":"ens-han-visitat-la-guardia-urbana-a-i3b","status":"publish","type":"post","link":"https:\/\/agora.xtec.cat\/ceip-jruyra-l-h\/general\/ens-han-visitat-la-guardia-urbana-a-i3b\/","title":{"rendered":"ENS HAN VISITAT LA GU\u00c0RDIA URBANA a I3B"},"content":{"rendered":"<p>Hola, fam\u00edlies.<br \/>\nEns ha visitat aquest mes la Gu\u00e0rdia Urbana a l&#8217;escola i el nostre amic ,Roger, ens ha explicat el que fa, com ho fa i fins i tot ens ha ensenyat el seu uniforme.<br \/>\nEn els enlla\u00e7os que trobareu a continuaci\u00f3, us mostrar\u00e9 les fotos que hem fet durant aquesta activitat.<br \/>\nPrimer \u00e9s un PowerPoint i l&#8217;altre enlla\u00e7 s\u00f3n totes les fotos fetes.<br \/>\nEls alumnes d&#8217;<span class=\"hiddenSpellError\">I3b<\/span> s&#8217;ho van passar superb\u00e9 i encara ho recorden<\/p>\n<p>PowerPoint<\/p>\n<p><a href=\"https:\/\/docs.google.com\/presentation\/d\/19DYsSA8_b6a24nSyQf8t5e1bUEkn4slI\/edit?usp=share_link&amp;ouid=102836105934552260831&amp;rtpof=true&amp;sd=true\">https:\/\/docs.google.com\/presentation\/d\/19DYsSA8_b6a24nSyQf8t5e1bUEkn4slI\/edit?usp=share_link&amp;ouid=102836105934552260831&amp;rtpof=true&amp;sd=true<\/a><\/p>\n<p>&nbsp;<\/p>\n<p>Fotos<\/p>\n<p><a href=\"https:\/\/drive.google.com\/drive\/folders\/13uu-yrBuL-uIjYpDkvhiOohhg3VJMeoD?usp=share_link\">https:\/\/drive.google.com\/drive\/folders\/13uu-yrBuL-uIjYpDkvhiOohhg3VJMeoD?usp=share_link<\/a><\/p>\n<p>&nbsp;<\/p>\n","protected":false},"excerpt":{"rendered":"<p>Hola, fam\u00edlies.<br \/>\nEns ha visitat aquest mes la Gu\u00e0rdia Urbana a l&#8217;escola i el nostre amic ,Roger, ens ha explicat el que fa, com ho fa i fins i tot ens ha ensenyat el seu uniforme.<br \/>\nEn els enlla\u00e7os que trobareu a continuaci\u00f3, us mostrar\u00e9 les fotos&hellip;  <a href=\"https:\/\/agora.xtec.cat\/ceip-jruyra-l-h\/general\/ens-han-visitat-la-guardia-urbana-a-i3b\/\" title=\"Read ENS HAN VISITAT LA GU\u00c0RDIA URBANA a I3B\">Llegeix m\u00e9s\u00bb<\/a><\/p>\n","protected":false},"author":1,"featured_media":14504,"comment_status":"open","ping_status":"closed","sticky":false,"template":"","format":"standard","meta":{"_bbp_topic_count":0,"_bbp_reply_count":0,"_bbp_total_topic_count":0,"_bbp_total_reply_count":0,"_bbp_voice_count":0,"_bbp_anonymous_reply_count":0,"_bbp_topic_count_hidden":0,"_bbp_reply_count_hidden":0,"_bbp_forum_subforum_count":0,"footnotes":""},"categories":[1,3],"tags":[],"class_list":["post-14468","post","type-post","status-publish","format-standard","has-post-thumbnail","hentry","category-general","category-i3"],"post_mailing_queue_ids":[],"_links":{"self":[{"href":"https:\/\/agora.xtec.cat\/ceip-jruyra-l-h\/wp-json\/wp\/v2\/posts\/14468","targetHints":{"allow":["GET"]}}],"collection":[{"href":"https:\/\/agora.xtec.cat\/ceip-jruyra-l-h\/wp-json\/wp\/v2\/posts"}],"about":[{"href":"https:\/\/agora.xtec.cat\/ceip-jruyra-l-h\/wp-json\/wp\/v2\/types\/post"}],"author":[{"embeddable":true,"href":"https:\/\/agora.xtec.cat\/ceip-jruyra-l-h\/wp-json\/wp\/v2\/users\/1"}],"replies":[{"embeddable":true,"href":"https:\/\/agora.xtec.cat\/ceip-jruyra-l-h\/wp-json\/wp\/v2\/comments?post=14468"}],"version-history":[{"count":3,"href":"https:\/\/agora.xtec.cat\/ceip-jruyra-l-h\/wp-json\/wp\/v2\/posts\/14468\/revisions"}],"predecessor-version":[{"id":14471,"href":"https:\/\/agora.xtec.cat\/ceip-jruyra-l-h\/wp-json\/wp\/v2\/posts\/14468\/revisions\/14471"}],"wp:featuredmedia":[{"embeddable":true,"href":"https:\/\/agora.xtec.cat\/ceip-jruyra-l-h\/wp-json\/wp\/v2\/media\/14504"}],"wp:attachment":[{"href":"https:\/\/agora.xtec.cat\/ceip-jruyra-l-h\/wp-json\/wp\/v2\/media?parent=14468"}],"wp:term":[{"taxonomy":"category","embeddable":true,"href":"https:\/\/agora.xtec.cat\/ceip-jruyra-l-h\/wp-json\/wp\/v2\/categories?post=14468"},{"taxonomy":"post_tag","embeddable":true,"href":"https:\/\/agora.xtec.cat\/ceip-jruyra-l-h\/wp-json\/wp\/v2\/tags?post=14468"}],"curies":[{"name":"wp","href":"https:\/\/api.w.org\/{rel}","templated":true}]}}