{"id":14456,"date":"2023-06-08T11:19:27","date_gmt":"2023-06-08T09:19:27","guid":{"rendered":"https:\/\/agora.xtec.cat\/ceip-jruyra-l-h\/?p=14456"},"modified":"2023-06-01T11:19:40","modified_gmt":"2023-06-01T09:19:40","slug":"i4b-aniversaris-de-maig","status":"publish","type":"post","link":"https:\/\/agora.xtec.cat\/ceip-jruyra-l-h\/infantil\/i4\/i4b-aniversaris-de-maig\/","title":{"rendered":"I4B Aniversaris de Maig"},"content":{"rendered":"<p><img loading=\"lazy\" decoding=\"async\" class=\"alignnone size-large wp-image-14457\" src=\"https:\/\/agora.xtec.cat\/ceip-jruyra-l-h\/wp-content\/uploads\/usu2049\/2023\/05\/20230524_152222-576x768.jpg\" alt=\"\" width=\"576\" height=\"768\" srcset=\"https:\/\/agora.xtec.cat\/ceip-jruyra-l-h\/wp-content\/uploads\/usu2049\/2023\/05\/20230524_152222-576x768.jpg 576w, https:\/\/agora.xtec.cat\/ceip-jruyra-l-h\/wp-content\/uploads\/usu2049\/2023\/05\/20230524_152222-225x300.jpg 225w, https:\/\/agora.xtec.cat\/ceip-jruyra-l-h\/wp-content\/uploads\/usu2049\/2023\/05\/20230524_152222-768x1024.jpg 768w, https:\/\/agora.xtec.cat\/ceip-jruyra-l-h\/wp-content\/uploads\/usu2049\/2023\/05\/20230524_152222-1152x1536.jpg 1152w, https:\/\/agora.xtec.cat\/ceip-jruyra-l-h\/wp-content\/uploads\/usu2049\/2023\/05\/20230524_152222-1536x2048.jpg 1536w, https:\/\/agora.xtec.cat\/ceip-jruyra-l-h\/wp-content\/uploads\/usu2049\/2023\/05\/20230524_152222.jpg 1734w\" sizes=\"auto, (max-width: 576px) 100vw, 576px\" \/><\/p>\n<p>Al mes de Maig em celebrat els aniversaris de la Shanaya i l\u2019Aitana que ja han fet 5 anys!<\/p>\n<p>Amb la seva corona les hem cantat la can\u00e7\u00f3 d\u2019aniversari i despr\u00e9s ens han repartit un berenar ben dol\u00e7 amb galetes i sucs, estava tot bon\u00edssim!<\/p>\n<p>Amb la panxa ja ben plena ha arribat l\u2019hora de moure l\u2019esquelet i s\u2019ha obert la pista de ball on tothom ha ballat molt\u00edssim compartint bons moments entre amics i amigues, ballant, saltant, rient&#8230;<\/p>\n<p>Si voleu veure imatges i v\u00eddeos d\u2019aquesta tarda tan especial cliqueu en el seg\u00fcent enlla\u00e7:\u00a0<a href=\"https:\/\/drive.google.com\/drive\/folders\/1u7zYMq11JIw3YfQ4pIT-qWsrI4pCqLAd?usp=sharing\">https:\/\/drive.google.com\/drive\/folders\/1u7zYMq11JIw3YfQ4pIT-qWsrI4pCqLAd?usp=sharing<\/a><\/p>\n","protected":false},"excerpt":{"rendered":"<p>Al mes de Maig em celebrat els aniversaris de la Shanaya i l\u2019Aitana que ja han fet 5 anys!<br \/>\nAmb la seva corona les hem cantat la can\u00e7\u00f3 d\u2019aniversari i despr\u00e9s ens han repartit un berenar ben dol\u00e7 amb galetes i sucs, estava tot bon\u00edssim!<br \/>\nAmb la&hellip;  <a href=\"https:\/\/agora.xtec.cat\/ceip-jruyra-l-h\/infantil\/i4\/i4b-aniversaris-de-maig\/\" title=\"Read I4B Aniversaris de Maig\">Llegeix m\u00e9s\u00bb<\/a><\/p>\n","protected":false},"author":37,"featured_media":14457,"comment_status":"open","ping_status":"closed","sticky":false,"template":"","format":"standard","meta":{"_bbp_topic_count":0,"_bbp_reply_count":0,"_bbp_total_topic_count":0,"_bbp_total_reply_count":0,"_bbp_voice_count":0,"_bbp_anonymous_reply_count":0,"_bbp_topic_count_hidden":0,"_bbp_reply_count_hidden":0,"_bbp_forum_subforum_count":0,"footnotes":""},"categories":[8],"tags":[],"class_list":["post-14456","post","type-post","status-publish","format-standard","has-post-thumbnail","hentry","category-i4"],"post_mailing_queue_ids":[],"_links":{"self":[{"href":"https:\/\/agora.xtec.cat\/ceip-jruyra-l-h\/wp-json\/wp\/v2\/posts\/14456","targetHints":{"allow":["GET"]}}],"collection":[{"href":"https:\/\/agora.xtec.cat\/ceip-jruyra-l-h\/wp-json\/wp\/v2\/posts"}],"about":[{"href":"https:\/\/agora.xtec.cat\/ceip-jruyra-l-h\/wp-json\/wp\/v2\/types\/post"}],"author":[{"embeddable":true,"href":"https:\/\/agora.xtec.cat\/ceip-jruyra-l-h\/wp-json\/wp\/v2\/users\/37"}],"replies":[{"embeddable":true,"href":"https:\/\/agora.xtec.cat\/ceip-jruyra-l-h\/wp-json\/wp\/v2\/comments?post=14456"}],"version-history":[{"count":1,"href":"https:\/\/agora.xtec.cat\/ceip-jruyra-l-h\/wp-json\/wp\/v2\/posts\/14456\/revisions"}],"predecessor-version":[{"id":14458,"href":"https:\/\/agora.xtec.cat\/ceip-jruyra-l-h\/wp-json\/wp\/v2\/posts\/14456\/revisions\/14458"}],"wp:featuredmedia":[{"embeddable":true,"href":"https:\/\/agora.xtec.cat\/ceip-jruyra-l-h\/wp-json\/wp\/v2\/media\/14457"}],"wp:attachment":[{"href":"https:\/\/agora.xtec.cat\/ceip-jruyra-l-h\/wp-json\/wp\/v2\/media?parent=14456"}],"wp:term":[{"taxonomy":"category","embeddable":true,"href":"https:\/\/agora.xtec.cat\/ceip-jruyra-l-h\/wp-json\/wp\/v2\/categories?post=14456"},{"taxonomy":"post_tag","embeddable":true,"href":"https:\/\/agora.xtec.cat\/ceip-jruyra-l-h\/wp-json\/wp\/v2\/tags?post=14456"}],"curies":[{"name":"wp","href":"https:\/\/api.w.org\/{rel}","templated":true}]}}