{"id":14452,"date":"2023-06-14T11:18:03","date_gmt":"2023-06-14T09:18:03","guid":{"rendered":"https:\/\/agora.xtec.cat\/ceip-jruyra-l-h\/?p=14452"},"modified":"2023-06-01T12:04:45","modified_gmt":"2023-06-01T10:04:45","slug":"i3a-el-cap-de-setmana-de-lharoun-i-la-succes","status":"publish","type":"post","link":"https:\/\/agora.xtec.cat\/ceip-jruyra-l-h\/infantil\/i3\/i3a-el-cap-de-setmana-de-lharoun-i-la-succes\/","title":{"rendered":"I3A: EL CAP DE SETMANA DE L\u2019HAROUN I LA SUCCES"},"content":{"rendered":"<p>Hola fam\u00edlies!! La setmana passada a la classe dels pinzells ens van explicar els seus caps de setmana els nostres companys Haroun i Succes. Els dos infants son una mica t\u00edmids, per\u00f2 amb l\u2019ajuda de les seves fam\u00edlies que ens van facilitar informaci\u00f3 i amb la intervenci\u00f3 dels seus companys de classe al veure les imatges, es va aconseguir entre tots poder esbrinar que havien fet aquest dies.<\/p>\n<p><img loading=\"lazy\" decoding=\"async\" class=\"alignnone size-large wp-image-14453\" src=\"https:\/\/agora.xtec.cat\/ceip-jruyra-l-h\/wp-content\/uploads\/usu2049\/2023\/05\/01-2-576x768.jpg\" alt=\"\" width=\"576\" height=\"768\" srcset=\"https:\/\/agora.xtec.cat\/ceip-jruyra-l-h\/wp-content\/uploads\/usu2049\/2023\/05\/01-2-576x768.jpg 576w, https:\/\/agora.xtec.cat\/ceip-jruyra-l-h\/wp-content\/uploads\/usu2049\/2023\/05\/01-2-225x300.jpg 225w, https:\/\/agora.xtec.cat\/ceip-jruyra-l-h\/wp-content\/uploads\/usu2049\/2023\/05\/01-2-768x1024.jpg 768w, https:\/\/agora.xtec.cat\/ceip-jruyra-l-h\/wp-content\/uploads\/usu2049\/2023\/05\/01-2-1152x1536.jpg 1152w, https:\/\/agora.xtec.cat\/ceip-jruyra-l-h\/wp-content\/uploads\/usu2049\/2023\/05\/01-2-1536x2048.jpg 1536w, https:\/\/agora.xtec.cat\/ceip-jruyra-l-h\/wp-content\/uploads\/usu2049\/2023\/05\/01-2-scaled.jpg 1920w\" sizes=\"auto, (max-width: 576px) 100vw, 576px\" \/><\/p>\n<p>L\u2019Haroun ha estat jugant amb el patinet i la bicicleta amb els seus germans l\u2019Islam i l\u2019Isaac. El seu germ\u00e0 gran tamb\u00e9 assisteix a l\u2019escola i el petit entrar\u00e0 el pr\u00f2xim curs. Pel que es veu s\u2019ho van passar d\u2019all\u00f2 m\u00e9s b\u00e9!! Ho voleu veure? Aqu\u00ed us deixem l\u2019enlla\u00e7.<\/p>\n<p><a href=\"https:\/\/drive.google.com\/drive\/folders\/1rE2GVTuA-OopYQpUuBUgiHDHt7Ga47HP?usp=share_link\">https:\/\/drive.google.com\/drive\/folders\/1rE2GVTuA-OopYQpUuBUgiHDHt7Ga47HP?usp=share_link<\/a><\/p>\n<p><img loading=\"lazy\" decoding=\"async\" class=\"alignnone size-large wp-image-14454\" src=\"https:\/\/agora.xtec.cat\/ceip-jruyra-l-h\/wp-content\/uploads\/usu2049\/2023\/05\/01-3-576x768.jpg\" alt=\"\" width=\"576\" height=\"768\" srcset=\"https:\/\/agora.xtec.cat\/ceip-jruyra-l-h\/wp-content\/uploads\/usu2049\/2023\/05\/01-3-576x768.jpg 576w, https:\/\/agora.xtec.cat\/ceip-jruyra-l-h\/wp-content\/uploads\/usu2049\/2023\/05\/01-3-225x300.jpg 225w, https:\/\/agora.xtec.cat\/ceip-jruyra-l-h\/wp-content\/uploads\/usu2049\/2023\/05\/01-3-768x1024.jpg 768w, https:\/\/agora.xtec.cat\/ceip-jruyra-l-h\/wp-content\/uploads\/usu2049\/2023\/05\/01-3-1152x1536.jpg 1152w, https:\/\/agora.xtec.cat\/ceip-jruyra-l-h\/wp-content\/uploads\/usu2049\/2023\/05\/01-3-1536x2048.jpg 1536w, https:\/\/agora.xtec.cat\/ceip-jruyra-l-h\/wp-content\/uploads\/usu2049\/2023\/05\/01-3-scaled.jpg 1920w\" sizes=\"auto, (max-width: 576px) 100vw, 576px\" \/><\/p>\n<p>La Succes est\u00e0 a casa amb els seus pares i el seu germ\u00e0 Wisdom rient i fent bromes entre ells. A tots els companys de la classe ha estat una sorpresa veure-la en aquest faceta tan personal. Ho voleu veure? Aqu\u00ed us pengem l\u2019enlla\u00e7 perqu\u00e8 gaudiu tant com nosaltres.<\/p>\n<p><a href=\"https:\/\/drive.google.com\/drive\/folders\/1K1gAnalS10-5ved8GTjzw4OcndgkRScF?usp=share_link\">https:\/\/drive.google.com\/drive\/folders\/1K1gAnalS10-5ved8GTjzw4OcndgkRScF?usp=share_link<\/a><\/p>\n<p>Gr\u00e0cies a les seves fam\u00edlies per la seva col\u00b7laboraci\u00f3!!<\/p>\n","protected":false},"excerpt":{"rendered":"<p>Hola fam\u00edlies!! La setmana passada a la classe dels pinzells ens van explicar els seus caps de setmana els nostres companys Haroun i Succes. Els dos infants son una mica t\u00edmids, per\u00f2 amb l\u2019ajuda de les seves fam\u00edlies que ens van facilitar informaci\u00f3 i amb&hellip;  <a href=\"https:\/\/agora.xtec.cat\/ceip-jruyra-l-h\/infantil\/i3\/i3a-el-cap-de-setmana-de-lharoun-i-la-succes\/\" title=\"Read I3A: EL CAP DE SETMANA DE L\u2019HAROUN I LA SUCCES\">Llegeix m\u00e9s\u00bb<\/a><\/p>\n","protected":false},"author":1,"featured_media":14453,"comment_status":"open","ping_status":"closed","sticky":false,"template":"","format":"standard","meta":{"_bbp_topic_count":0,"_bbp_reply_count":0,"_bbp_total_topic_count":0,"_bbp_total_reply_count":0,"_bbp_voice_count":0,"_bbp_anonymous_reply_count":0,"_bbp_topic_count_hidden":0,"_bbp_reply_count_hidden":0,"_bbp_forum_subforum_count":0,"footnotes":""},"categories":[3],"tags":[],"class_list":["post-14452","post","type-post","status-publish","format-standard","has-post-thumbnail","hentry","category-i3"],"post_mailing_queue_ids":[],"_links":{"self":[{"href":"https:\/\/agora.xtec.cat\/ceip-jruyra-l-h\/wp-json\/wp\/v2\/posts\/14452","targetHints":{"allow":["GET"]}}],"collection":[{"href":"https:\/\/agora.xtec.cat\/ceip-jruyra-l-h\/wp-json\/wp\/v2\/posts"}],"about":[{"href":"https:\/\/agora.xtec.cat\/ceip-jruyra-l-h\/wp-json\/wp\/v2\/types\/post"}],"author":[{"embeddable":true,"href":"https:\/\/agora.xtec.cat\/ceip-jruyra-l-h\/wp-json\/wp\/v2\/users\/1"}],"replies":[{"embeddable":true,"href":"https:\/\/agora.xtec.cat\/ceip-jruyra-l-h\/wp-json\/wp\/v2\/comments?post=14452"}],"version-history":[{"count":1,"href":"https:\/\/agora.xtec.cat\/ceip-jruyra-l-h\/wp-json\/wp\/v2\/posts\/14452\/revisions"}],"predecessor-version":[{"id":14455,"href":"https:\/\/agora.xtec.cat\/ceip-jruyra-l-h\/wp-json\/wp\/v2\/posts\/14452\/revisions\/14455"}],"wp:featuredmedia":[{"embeddable":true,"href":"https:\/\/agora.xtec.cat\/ceip-jruyra-l-h\/wp-json\/wp\/v2\/media\/14453"}],"wp:attachment":[{"href":"https:\/\/agora.xtec.cat\/ceip-jruyra-l-h\/wp-json\/wp\/v2\/media?parent=14452"}],"wp:term":[{"taxonomy":"category","embeddable":true,"href":"https:\/\/agora.xtec.cat\/ceip-jruyra-l-h\/wp-json\/wp\/v2\/categories?post=14452"},{"taxonomy":"post_tag","embeddable":true,"href":"https:\/\/agora.xtec.cat\/ceip-jruyra-l-h\/wp-json\/wp\/v2\/tags?post=14452"}],"curies":[{"name":"wp","href":"https:\/\/api.w.org\/{rel}","templated":true}]}}