{"id":14399,"date":"2023-05-20T14:07:20","date_gmt":"2023-05-20T12:07:20","guid":{"rendered":"https:\/\/agora.xtec.cat\/ceip-jruyra-l-h\/?p=14399"},"modified":"2023-05-19T14:07:52","modified_gmt":"2023-05-19T12:07:52","slug":"gimcana-matematica-cicle-mitja","status":"publish","type":"post","link":"https:\/\/agora.xtec.cat\/ceip-jruyra-l-h\/general\/gimcana-matematica-cicle-mitja\/","title":{"rendered":"Gimcana matem\u00e0tica cicle mitj\u00e0!"},"content":{"rendered":"<p>Hola a tothom,<\/p>\n<p>El dimarts passat vam realitzar la gimcana matem\u00e0tica amb l&#8217;alumnat de 3r i 4t. Ens ho vam passar d&#8217;all\u00f2 m\u00e9s b\u00e9!<\/p>\n<p>Les activitats realitzades van ser:<\/p>\n<ul>\n<li>Realitzar mesures amb avions de paper.<\/li>\n<li>Geometria amb el nostre cos amb monuments del m\u00f3n.<\/li>\n<li>Joc del 3 en ratlla.<\/li>\n<li>Carreres de xapes i ca\u00e7amosques amb c\u00e0lculs matem\u00e0tics.<\/li>\n<li>Parx\u00eds i oca amb daus de multiplicacions.<\/li>\n<li>Senku.<\/li>\n<\/ul>\n<p>Us deixem <a href=\"https:\/\/drive.google.com\/drive\/folders\/1kzEnAFBtm6xEk8hnQc9bkFHEyDG4v4At?usp=share_link\">l&#8217;enlla\u00e7<\/a> per a qu\u00e8 pugueu veure les fotos.<\/p>\n<p><a href=\"https:\/\/drive.google.com\/drive\/folders\/1kzEnAFBtm6xEk8hnQc9bkFHEyDG4v4At?usp=share_link\"><img loading=\"lazy\" decoding=\"async\" class=\"aligncenter size-full wp-image-14401\" src=\"https:\/\/agora.xtec.cat\/ceip-jruyra-l-h\/wp-content\/uploads\/usu2049\/2023\/05\/foto-gimcana.jpg\" alt=\"\" width=\"982\" height=\"736\" srcset=\"https:\/\/agora.xtec.cat\/ceip-jruyra-l-h\/wp-content\/uploads\/usu2049\/2023\/05\/foto-gimcana.jpg 982w, https:\/\/agora.xtec.cat\/ceip-jruyra-l-h\/wp-content\/uploads\/usu2049\/2023\/05\/foto-gimcana-300x225.jpg 300w, https:\/\/agora.xtec.cat\/ceip-jruyra-l-h\/wp-content\/uploads\/usu2049\/2023\/05\/foto-gimcana-768x576.jpg 768w, https:\/\/agora.xtec.cat\/ceip-jruyra-l-h\/wp-content\/uploads\/usu2049\/2023\/05\/foto-gimcana-200x150.jpg 200w\" sizes=\"auto, (max-width: 982px) 100vw, 982px\" \/><\/a><\/p>\n<p>&nbsp;<\/p>\n<p>Gr\u00e0cies a tots\/es.<\/p>\n","protected":false},"excerpt":{"rendered":"<p>Hola a tothom,<br \/>\nEl dimarts passat vam realitzar la gimcana matem\u00e0tica amb l&#8217;alumnat de 3r i 4t. Ens ho vam passar d&#8217;all\u00f2 m\u00e9s b\u00e9!<br \/>\nLes activitats realitzades van ser:<\/p>\n<ul>\n<li>Realitzar mesures amb avions de paper.<\/li>\n<li>Geometria amb el nostre cos amb monuments del m\u00f3n.<\/li>\n<li>Joc del 3 en ratlla.<\/li>\n<li>Carreres de&hellip;  <a href=\"https:\/\/agora.xtec.cat\/ceip-jruyra-l-h\/general\/gimcana-matematica-cicle-mitja\/\" title=\"Read Gimcana matem\u00e0tica cicle mitj\u00e0!\">Llegeix m\u00e9s\u00bb<\/a><br \/>\n","protected":false},"author":5,"featured_media":14401,"comment_status":"open","ping_status":"closed","sticky":false,"template":"","format":"standard","meta":{"_bbp_topic_count":0,"_bbp_reply_count":0,"_bbp_total_topic_count":0,"_bbp_total_reply_count":0,"_bbp_voice_count":0,"_bbp_anonymous_reply_count":0,"_bbp_topic_count_hidden":0,"_bbp_reply_count_hidden":0,"_bbp_forum_subforum_count":0,"footnotes":""},"categories":[12,13,1],"tags":[],"class_list":["post-14399","post","type-post","status-publish","format-standard","has-post-thumbnail","hentry","category-3r","category-4t","category-general"],"post_mailing_queue_ids":[],"_links":{"self":[{"href":"https:\/\/agora.xtec.cat\/ceip-jruyra-l-h\/wp-json\/wp\/v2\/posts\/14399","targetHints":{"allow":["GET"]}}],"collection":[{"href":"https:\/\/agora.xtec.cat\/ceip-jruyra-l-h\/wp-json\/wp\/v2\/posts"}],"about":[{"href":"https:\/\/agora.xtec.cat\/ceip-jruyra-l-h\/wp-json\/wp\/v2\/types\/post"}],"author":[{"embeddable":true,"href":"https:\/\/agora.xtec.cat\/ceip-jruyra-l-h\/wp-json\/wp\/v2\/users\/5"}],"replies":[{"embeddable":true,"href":"https:\/\/agora.xtec.cat\/ceip-jruyra-l-h\/wp-json\/wp\/v2\/comments?post=14399"}],"version-history":[{"count":2,"href":"https:\/\/agora.xtec.cat\/ceip-jruyra-l-h\/wp-json\/wp\/v2\/posts\/14399\/revisions"}],"predecessor-version":[{"id":14402,"href":"https:\/\/agora.xtec.cat\/ceip-jruyra-l-h\/wp-json\/wp\/v2\/posts\/14399\/revisions\/14402"}],"wp:featuredmedia":[{"embeddable":true,"href":"https:\/\/agora.xtec.cat\/ceip-jruyra-l-h\/wp-json\/wp\/v2\/media\/14401"}],"wp:attachment":[{"href":"https:\/\/agora.xtec.cat\/ceip-jruyra-l-h\/wp-json\/wp\/v2\/media?parent=14399"}],"wp:term":[{"taxonomy":"category","embeddable":true,"href":"https:\/\/agora.xtec.cat\/ceip-jruyra-l-h\/wp-json\/wp\/v2\/categories?post=14399"},{"taxonomy":"post_tag","embeddable":true,"href":"https:\/\/agora.xtec.cat\/ceip-jruyra-l-h\/wp-json\/wp\/v2\/tags?post=14399"}],"curies":[{"name":"wp","href":"https:\/\/api.w.org\/{rel}","templated":true}]}}