{"id":14335,"date":"2023-05-14T11:51:41","date_gmt":"2023-05-14T09:51:41","guid":{"rendered":"https:\/\/agora.xtec.cat\/ceip-jruyra-l-h\/?p=14335"},"modified":"2023-05-14T11:51:41","modified_gmt":"2023-05-14T09:51:41","slug":"i4b-aniversaris-dabril","status":"publish","type":"post","link":"https:\/\/agora.xtec.cat\/ceip-jruyra-l-h\/infantil\/i4\/i4b-aniversaris-dabril\/","title":{"rendered":"I4B ANIVERSARIS D&#8217;ABRIL"},"content":{"rendered":"<p><img loading=\"lazy\" decoding=\"async\" class=\"alignnone size-large wp-image-14336\" src=\"https:\/\/agora.xtec.cat\/ceip-jruyra-l-h\/wp-content\/uploads\/usu2049\/2023\/05\/20230427_152412-576x768.jpg\" alt=\"\" width=\"576\" height=\"768\" srcset=\"https:\/\/agora.xtec.cat\/ceip-jruyra-l-h\/wp-content\/uploads\/usu2049\/2023\/05\/20230427_152412-576x768.jpg 576w, https:\/\/agora.xtec.cat\/ceip-jruyra-l-h\/wp-content\/uploads\/usu2049\/2023\/05\/20230427_152412-225x300.jpg 225w, https:\/\/agora.xtec.cat\/ceip-jruyra-l-h\/wp-content\/uploads\/usu2049\/2023\/05\/20230427_152412-768x1024.jpg 768w, https:\/\/agora.xtec.cat\/ceip-jruyra-l-h\/wp-content\/uploads\/usu2049\/2023\/05\/20230427_152412-1152x1536.jpg 1152w, https:\/\/agora.xtec.cat\/ceip-jruyra-l-h\/wp-content\/uploads\/usu2049\/2023\/05\/20230427_152412-1536x2048.jpg 1536w, https:\/\/agora.xtec.cat\/ceip-jruyra-l-h\/wp-content\/uploads\/usu2049\/2023\/05\/20230427_152412.jpg 1734w\" sizes=\"auto, (max-width: 576px) 100vw, 576px\" \/><\/p>\n<p>Com cada mes, celebrem els aniversaris de la classe i a l&#8217;Abril va ser el torn de l&#8217;Izan i la Lucia! Ja han fet 5 anys!<\/p>\n<div dir=\"auto\">Molt emocionats van rebre la seva corona i els vam cantar la canc\u00f2 d&#8217;aniversari per despr\u00e9s fer-los una forta abra\u00e7ada entre tots i totes.<\/div>\n<div dir=\"auto\"><\/div>\n<div dir=\"auto\">Van compartir amb tota la classe un berenar amb fruites, galetes i sucs i despr\u00e9s de quedar ben tips i tipes, es va obrir la pista de ball i ens ho vam passar d&#8217;all\u00f2 m\u00e9s b\u00e9 ballant i rient entre amics i amigues.<\/div>\n<div dir=\"auto\"><\/div>\n<div dir=\"auto\">Si voleu veure les imatges i v\u00eddeos, cliqueu en el seg\u00fcent enlla\u00e7:\u00a0<a href=\"https:\/\/drive.google.com\/drive\/folders\/1UjqGjjONi897wFLnb1lTYlYEQLnQgzWd?usp=sharing\">https:\/\/drive.google.com\/drive\/folders\/1UjqGjjONi897wFLnb1lTYlYEQLnQgzWd?usp=sharing<\/a><\/div>\n","protected":false},"excerpt":{"rendered":"<p>Com cada mes, celebrem els aniversaris de la classe i a l&#8217;Abril va ser el torn de l&#8217;Izan i la Lucia! Ja han fet 5 anys!<br \/>\nMolt emocionats van rebre la seva corona i els vam cantar la canc\u00f2 d&#8217;aniversari per despr\u00e9s fer-los una forta abra\u00e7ada&hellip;  <a href=\"https:\/\/agora.xtec.cat\/ceip-jruyra-l-h\/infantil\/i4\/i4b-aniversaris-dabril\/\" title=\"Read I4B ANIVERSARIS D&#8217;ABRIL\">Llegeix m\u00e9s\u00bb<\/a><\/p>\n","protected":false},"author":37,"featured_media":14336,"comment_status":"open","ping_status":"closed","sticky":false,"template":"","format":"standard","meta":{"_bbp_topic_count":0,"_bbp_reply_count":0,"_bbp_total_topic_count":0,"_bbp_total_reply_count":0,"_bbp_voice_count":0,"_bbp_anonymous_reply_count":0,"_bbp_topic_count_hidden":0,"_bbp_reply_count_hidden":0,"_bbp_forum_subforum_count":0,"footnotes":""},"categories":[8],"tags":[],"class_list":["post-14335","post","type-post","status-publish","format-standard","has-post-thumbnail","hentry","category-i4"],"post_mailing_queue_ids":[],"_links":{"self":[{"href":"https:\/\/agora.xtec.cat\/ceip-jruyra-l-h\/wp-json\/wp\/v2\/posts\/14335","targetHints":{"allow":["GET"]}}],"collection":[{"href":"https:\/\/agora.xtec.cat\/ceip-jruyra-l-h\/wp-json\/wp\/v2\/posts"}],"about":[{"href":"https:\/\/agora.xtec.cat\/ceip-jruyra-l-h\/wp-json\/wp\/v2\/types\/post"}],"author":[{"embeddable":true,"href":"https:\/\/agora.xtec.cat\/ceip-jruyra-l-h\/wp-json\/wp\/v2\/users\/37"}],"replies":[{"embeddable":true,"href":"https:\/\/agora.xtec.cat\/ceip-jruyra-l-h\/wp-json\/wp\/v2\/comments?post=14335"}],"version-history":[{"count":1,"href":"https:\/\/agora.xtec.cat\/ceip-jruyra-l-h\/wp-json\/wp\/v2\/posts\/14335\/revisions"}],"predecessor-version":[{"id":14337,"href":"https:\/\/agora.xtec.cat\/ceip-jruyra-l-h\/wp-json\/wp\/v2\/posts\/14335\/revisions\/14337"}],"wp:featuredmedia":[{"embeddable":true,"href":"https:\/\/agora.xtec.cat\/ceip-jruyra-l-h\/wp-json\/wp\/v2\/media\/14336"}],"wp:attachment":[{"href":"https:\/\/agora.xtec.cat\/ceip-jruyra-l-h\/wp-json\/wp\/v2\/media?parent=14335"}],"wp:term":[{"taxonomy":"category","embeddable":true,"href":"https:\/\/agora.xtec.cat\/ceip-jruyra-l-h\/wp-json\/wp\/v2\/categories?post=14335"},{"taxonomy":"post_tag","embeddable":true,"href":"https:\/\/agora.xtec.cat\/ceip-jruyra-l-h\/wp-json\/wp\/v2\/tags?post=14335"}],"curies":[{"name":"wp","href":"https:\/\/api.w.org\/{rel}","templated":true}]}}