{"id":14323,"date":"2023-05-11T13:32:15","date_gmt":"2023-05-11T11:32:15","guid":{"rendered":"https:\/\/agora.xtec.cat\/ceip-jruyra-l-h\/?p=14323"},"modified":"2023-05-08T13:33:52","modified_gmt":"2023-05-08T11:33:52","slug":"i3a-aniversaris-abril-lharoun","status":"publish","type":"post","link":"https:\/\/agora.xtec.cat\/ceip-jruyra-l-h\/infantil\/i3\/i3a-aniversaris-abril-lharoun\/","title":{"rendered":"I3A: ANIVERSARIS ABRIL: L\u2019HAROUN"},"content":{"rendered":"<p>Hola, fam\u00edlies del Ruyra!!<\/p>\n<p>A l\u2019abril vam celebrar els aniversaris dels companys que fan anys aquest mes. Justament, nom\u00e9s l\u2019Haroun va n\u00e9ixer aquest mes ja fa 4 anyets!! Aix\u00f2 no li va importar gens perqu\u00e8 ho va compartir amb els seus companys amb molta il\u00b7lusi\u00f3.<\/p>\n<p><img loading=\"lazy\" decoding=\"async\" class=\"alignnone size-large wp-image-14324\" src=\"https:\/\/agora.xtec.cat\/ceip-jruyra-l-h\/wp-content\/uploads\/usu2049\/2023\/05\/1-1024x768.jpg\" alt=\"\" width=\"1024\" height=\"768\" srcset=\"https:\/\/agora.xtec.cat\/ceip-jruyra-l-h\/wp-content\/uploads\/usu2049\/2023\/05\/1-1024x768.jpg 1024w, https:\/\/agora.xtec.cat\/ceip-jruyra-l-h\/wp-content\/uploads\/usu2049\/2023\/05\/1-300x225.jpg 300w, https:\/\/agora.xtec.cat\/ceip-jruyra-l-h\/wp-content\/uploads\/usu2049\/2023\/05\/1-768x576.jpg 768w, https:\/\/agora.xtec.cat\/ceip-jruyra-l-h\/wp-content\/uploads\/usu2049\/2023\/05\/1-1536x1152.jpg 1536w, https:\/\/agora.xtec.cat\/ceip-jruyra-l-h\/wp-content\/uploads\/usu2049\/2023\/05\/1-2048x1536.jpg 2048w, https:\/\/agora.xtec.cat\/ceip-jruyra-l-h\/wp-content\/uploads\/usu2049\/2023\/05\/1-200x150.jpg 200w\" sizes=\"auto, (max-width: 1024px) 100vw, 1024px\" \/><\/p>\n<p><img loading=\"lazy\" decoding=\"async\" class=\"alignnone size-large wp-image-14325\" src=\"https:\/\/agora.xtec.cat\/ceip-jruyra-l-h\/wp-content\/uploads\/usu2049\/2023\/05\/5-1024x768.jpg\" alt=\"\" width=\"1024\" height=\"768\" srcset=\"https:\/\/agora.xtec.cat\/ceip-jruyra-l-h\/wp-content\/uploads\/usu2049\/2023\/05\/5-1024x768.jpg 1024w, https:\/\/agora.xtec.cat\/ceip-jruyra-l-h\/wp-content\/uploads\/usu2049\/2023\/05\/5-300x225.jpg 300w, https:\/\/agora.xtec.cat\/ceip-jruyra-l-h\/wp-content\/uploads\/usu2049\/2023\/05\/5-768x576.jpg 768w, https:\/\/agora.xtec.cat\/ceip-jruyra-l-h\/wp-content\/uploads\/usu2049\/2023\/05\/5-1536x1152.jpg 1536w, https:\/\/agora.xtec.cat\/ceip-jruyra-l-h\/wp-content\/uploads\/usu2049\/2023\/05\/5-2048x1536.jpg 2048w, https:\/\/agora.xtec.cat\/ceip-jruyra-l-h\/wp-content\/uploads\/usu2049\/2023\/05\/5-200x150.jpg 200w\" sizes=\"auto, (max-width: 1024px) 100vw, 1024px\" \/><\/p>\n<p>L\u2019Haroun va bufar les espelmes per demanar un desig, va repartir les galetes, les mestres els sucs i vam esmorzar d\u2019all\u00f2 m\u00e9s b\u00e9. Per\u00f2 la part que m\u00e9s els hi agrada a la classe dels pinzells \u00e9s el ball. Ho voleu veure?<\/p>\n<p>Aqu\u00ed us pengem l\u2019enlla\u00e7 de les fotos i els v\u00eddeos. Desitgem que us agradi.<\/p>\n<p><a href=\"https:\/\/drive.google.com\/drive\/folders\/1IyOktgew-j0YP5e4zBEorYbSLSLmszDq?usp=share_link\">https:\/\/drive.google.com\/drive\/folders\/1IyOktgew-j0YP5e4zBEorYbSLSLmszDq?usp=share_link<\/a><\/p>\n<p>Gr\u00e0cies a la seva fam\u00edlia per la seva col\u00b7laboraci\u00f3!!<\/p>\n","protected":false},"excerpt":{"rendered":"<p>Hola, fam\u00edlies del Ruyra!!<br \/>\nA l\u2019abril vam celebrar els aniversaris dels companys que fan anys aquest mes. Justament, nom\u00e9s l\u2019Haroun va n\u00e9ixer aquest mes ja fa 4 anyets!! Aix\u00f2 no li va importar gens perqu\u00e8 ho va compartir amb els seus companys amb molta il\u00b7lusi\u00f3.<\/p>\n<p>L\u2019Haroun va&hellip;  <a href=\"https:\/\/agora.xtec.cat\/ceip-jruyra-l-h\/infantil\/i3\/i3a-aniversaris-abril-lharoun\/\" title=\"Read I3A: ANIVERSARIS ABRIL: L\u2019HAROUN\">Llegeix m\u00e9s\u00bb<\/a><\/p>\n","protected":false},"author":1,"featured_media":14324,"comment_status":"open","ping_status":"closed","sticky":false,"template":"","format":"standard","meta":{"_bbp_topic_count":0,"_bbp_reply_count":0,"_bbp_total_topic_count":0,"_bbp_total_reply_count":0,"_bbp_voice_count":0,"_bbp_anonymous_reply_count":0,"_bbp_topic_count_hidden":0,"_bbp_reply_count_hidden":0,"_bbp_forum_subforum_count":0,"footnotes":""},"categories":[3],"tags":[],"class_list":["post-14323","post","type-post","status-publish","format-standard","has-post-thumbnail","hentry","category-i3"],"post_mailing_queue_ids":[],"_links":{"self":[{"href":"https:\/\/agora.xtec.cat\/ceip-jruyra-l-h\/wp-json\/wp\/v2\/posts\/14323","targetHints":{"allow":["GET"]}}],"collection":[{"href":"https:\/\/agora.xtec.cat\/ceip-jruyra-l-h\/wp-json\/wp\/v2\/posts"}],"about":[{"href":"https:\/\/agora.xtec.cat\/ceip-jruyra-l-h\/wp-json\/wp\/v2\/types\/post"}],"author":[{"embeddable":true,"href":"https:\/\/agora.xtec.cat\/ceip-jruyra-l-h\/wp-json\/wp\/v2\/users\/1"}],"replies":[{"embeddable":true,"href":"https:\/\/agora.xtec.cat\/ceip-jruyra-l-h\/wp-json\/wp\/v2\/comments?post=14323"}],"version-history":[{"count":2,"href":"https:\/\/agora.xtec.cat\/ceip-jruyra-l-h\/wp-json\/wp\/v2\/posts\/14323\/revisions"}],"predecessor-version":[{"id":14329,"href":"https:\/\/agora.xtec.cat\/ceip-jruyra-l-h\/wp-json\/wp\/v2\/posts\/14323\/revisions\/14329"}],"wp:featuredmedia":[{"embeddable":true,"href":"https:\/\/agora.xtec.cat\/ceip-jruyra-l-h\/wp-json\/wp\/v2\/media\/14324"}],"wp:attachment":[{"href":"https:\/\/agora.xtec.cat\/ceip-jruyra-l-h\/wp-json\/wp\/v2\/media?parent=14323"}],"wp:term":[{"taxonomy":"category","embeddable":true,"href":"https:\/\/agora.xtec.cat\/ceip-jruyra-l-h\/wp-json\/wp\/v2\/categories?post=14323"},{"taxonomy":"post_tag","embeddable":true,"href":"https:\/\/agora.xtec.cat\/ceip-jruyra-l-h\/wp-json\/wp\/v2\/tags?post=14323"}],"curies":[{"name":"wp","href":"https:\/\/api.w.org\/{rel}","templated":true}]}}