{"id":14316,"date":"2023-05-10T13:31:29","date_gmt":"2023-05-10T11:31:29","guid":{"rendered":"https:\/\/agora.xtec.cat\/ceip-jruyra-l-h\/?p=14316"},"modified":"2023-05-08T13:32:02","modified_gmt":"2023-05-08T11:32:02","slug":"som-cientifics-taller-de-nanociencia","status":"publish","type":"post","link":"https:\/\/agora.xtec.cat\/ceip-jruyra-l-h\/primaria\/6e\/som-cientifics-taller-de-nanociencia\/","title":{"rendered":"Som cient\u00edfics: taller de nanoci\u00e8ncia"},"content":{"rendered":"<p>Aquesta setmana els dos grups de 6\u00e8 hem tingut la sort de gaudir d&#8217;un taller molt interessant de nanoci\u00e8ncia, la ci\u00e8ncia que estudia els elements m\u00e9s petits de la mat\u00e8ria.<\/p>\n<p>A partir de diversos experiments, hem apr\u00e8s sobre \u00e0toms, mol\u2022l\u00e8cules i reaccions qu\u00edmiques.<\/p>\n<p>Per una tarda ens hem sentit com aut\u00e8ntics cient\u00edfics!<strong><img loading=\"lazy\" decoding=\"async\" class=\"alignnone size-large wp-image-14317\" src=\"https:\/\/agora.xtec.cat\/ceip-jruyra-l-h\/wp-content\/uploads\/usu2049\/2023\/05\/IMG-20230504-WA0012-1024x768.jpg\" alt=\"\" width=\"1024\" height=\"768\" srcset=\"https:\/\/agora.xtec.cat\/ceip-jruyra-l-h\/wp-content\/uploads\/usu2049\/2023\/05\/IMG-20230504-WA0012-1024x768.jpg 1024w, https:\/\/agora.xtec.cat\/ceip-jruyra-l-h\/wp-content\/uploads\/usu2049\/2023\/05\/IMG-20230504-WA0012-300x225.jpg 300w, https:\/\/agora.xtec.cat\/ceip-jruyra-l-h\/wp-content\/uploads\/usu2049\/2023\/05\/IMG-20230504-WA0012-768x576.jpg 768w, https:\/\/agora.xtec.cat\/ceip-jruyra-l-h\/wp-content\/uploads\/usu2049\/2023\/05\/IMG-20230504-WA0012-1536x1152.jpg 1536w, https:\/\/agora.xtec.cat\/ceip-jruyra-l-h\/wp-content\/uploads\/usu2049\/2023\/05\/IMG-20230504-WA0012-200x150.jpg 200w, https:\/\/agora.xtec.cat\/ceip-jruyra-l-h\/wp-content\/uploads\/usu2049\/2023\/05\/IMG-20230504-WA0012.jpg 1600w\" sizes=\"auto, (max-width: 1024px) 100vw, 1024px\" \/> <img loading=\"lazy\" decoding=\"async\" class=\"alignnone size-large wp-image-14318\" src=\"https:\/\/agora.xtec.cat\/ceip-jruyra-l-h\/wp-content\/uploads\/usu2049\/2023\/05\/IMG-20230503-WA0014-576x768.jpg\" alt=\"\" width=\"576\" height=\"768\" srcset=\"https:\/\/agora.xtec.cat\/ceip-jruyra-l-h\/wp-content\/uploads\/usu2049\/2023\/05\/IMG-20230503-WA0014-576x768.jpg 576w, https:\/\/agora.xtec.cat\/ceip-jruyra-l-h\/wp-content\/uploads\/usu2049\/2023\/05\/IMG-20230503-WA0014-225x300.jpg 225w, https:\/\/agora.xtec.cat\/ceip-jruyra-l-h\/wp-content\/uploads\/usu2049\/2023\/05\/IMG-20230503-WA0014-768x1024.jpg 768w, https:\/\/agora.xtec.cat\/ceip-jruyra-l-h\/wp-content\/uploads\/usu2049\/2023\/05\/IMG-20230503-WA0014-1152x1536.jpg 1152w, https:\/\/agora.xtec.cat\/ceip-jruyra-l-h\/wp-content\/uploads\/usu2049\/2023\/05\/IMG-20230503-WA0014.jpg 1200w\" sizes=\"auto, (max-width: 576px) 100vw, 576px\" \/> <img loading=\"lazy\" decoding=\"async\" class=\"alignnone size-large wp-image-14319\" src=\"https:\/\/agora.xtec.cat\/ceip-jruyra-l-h\/wp-content\/uploads\/usu2049\/2023\/05\/IMG-20230503-WA0008-576x768.jpg\" alt=\"\" width=\"576\" height=\"768\" srcset=\"https:\/\/agora.xtec.cat\/ceip-jruyra-l-h\/wp-content\/uploads\/usu2049\/2023\/05\/IMG-20230503-WA0008-576x768.jpg 576w, https:\/\/agora.xtec.cat\/ceip-jruyra-l-h\/wp-content\/uploads\/usu2049\/2023\/05\/IMG-20230503-WA0008-225x300.jpg 225w, https:\/\/agora.xtec.cat\/ceip-jruyra-l-h\/wp-content\/uploads\/usu2049\/2023\/05\/IMG-20230503-WA0008-768x1024.jpg 768w, https:\/\/agora.xtec.cat\/ceip-jruyra-l-h\/wp-content\/uploads\/usu2049\/2023\/05\/IMG-20230503-WA0008-1152x1536.jpg 1152w, https:\/\/agora.xtec.cat\/ceip-jruyra-l-h\/wp-content\/uploads\/usu2049\/2023\/05\/IMG-20230503-WA0008.jpg 1200w\" sizes=\"auto, (max-width: 576px) 100vw, 576px\" \/> <img loading=\"lazy\" decoding=\"async\" class=\"alignnone size-large wp-image-14320\" src=\"https:\/\/agora.xtec.cat\/ceip-jruyra-l-h\/wp-content\/uploads\/usu2049\/2023\/05\/IMG-20230503-WA0011-576x768.jpg\" alt=\"\" width=\"576\" height=\"768\" srcset=\"https:\/\/agora.xtec.cat\/ceip-jruyra-l-h\/wp-content\/uploads\/usu2049\/2023\/05\/IMG-20230503-WA0011-576x768.jpg 576w, https:\/\/agora.xtec.cat\/ceip-jruyra-l-h\/wp-content\/uploads\/usu2049\/2023\/05\/IMG-20230503-WA0011-225x300.jpg 225w, https:\/\/agora.xtec.cat\/ceip-jruyra-l-h\/wp-content\/uploads\/usu2049\/2023\/05\/IMG-20230503-WA0011-768x1024.jpg 768w, https:\/\/agora.xtec.cat\/ceip-jruyra-l-h\/wp-content\/uploads\/usu2049\/2023\/05\/IMG-20230503-WA0011-1152x1536.jpg 1152w, https:\/\/agora.xtec.cat\/ceip-jruyra-l-h\/wp-content\/uploads\/usu2049\/2023\/05\/IMG-20230503-WA0011.jpg 1200w\" sizes=\"auto, (max-width: 576px) 100vw, 576px\" \/><\/strong><\/p>\n","protected":false},"excerpt":{"rendered":"<p>Aquesta setmana els dos grups de 6\u00e8 hem tingut la sort de gaudir d&#8217;un taller molt interessant de nanoci\u00e8ncia, la ci\u00e8ncia que estudia els elements m\u00e9s petits de la mat\u00e8ria.<br \/>\nA partir de diversos experiments, hem apr\u00e8s sobre \u00e0toms, mol\u2022l\u00e8cules i reaccions qu\u00edmiques.<br \/>\nPer una tarda ens&hellip;  <a href=\"https:\/\/agora.xtec.cat\/ceip-jruyra-l-h\/primaria\/6e\/som-cientifics-taller-de-nanociencia\/\" title=\"Read Som cient\u00edfics: taller de nanoci\u00e8ncia\">Llegeix m\u00e9s\u00bb<\/a><\/p>\n","protected":false},"author":1,"featured_media":14317,"comment_status":"open","ping_status":"closed","sticky":false,"template":"","format":"standard","meta":{"_bbp_topic_count":0,"_bbp_reply_count":0,"_bbp_total_topic_count":0,"_bbp_total_reply_count":0,"_bbp_voice_count":0,"_bbp_anonymous_reply_count":0,"_bbp_topic_count_hidden":0,"_bbp_reply_count_hidden":0,"_bbp_forum_subforum_count":0,"footnotes":""},"categories":[15],"tags":[],"class_list":["post-14316","post","type-post","status-publish","format-standard","has-post-thumbnail","hentry","category-6e"],"post_mailing_queue_ids":[],"_links":{"self":[{"href":"https:\/\/agora.xtec.cat\/ceip-jruyra-l-h\/wp-json\/wp\/v2\/posts\/14316","targetHints":{"allow":["GET"]}}],"collection":[{"href":"https:\/\/agora.xtec.cat\/ceip-jruyra-l-h\/wp-json\/wp\/v2\/posts"}],"about":[{"href":"https:\/\/agora.xtec.cat\/ceip-jruyra-l-h\/wp-json\/wp\/v2\/types\/post"}],"author":[{"embeddable":true,"href":"https:\/\/agora.xtec.cat\/ceip-jruyra-l-h\/wp-json\/wp\/v2\/users\/1"}],"replies":[{"embeddable":true,"href":"https:\/\/agora.xtec.cat\/ceip-jruyra-l-h\/wp-json\/wp\/v2\/comments?post=14316"}],"version-history":[{"count":1,"href":"https:\/\/agora.xtec.cat\/ceip-jruyra-l-h\/wp-json\/wp\/v2\/posts\/14316\/revisions"}],"predecessor-version":[{"id":14321,"href":"https:\/\/agora.xtec.cat\/ceip-jruyra-l-h\/wp-json\/wp\/v2\/posts\/14316\/revisions\/14321"}],"wp:featuredmedia":[{"embeddable":true,"href":"https:\/\/agora.xtec.cat\/ceip-jruyra-l-h\/wp-json\/wp\/v2\/media\/14317"}],"wp:attachment":[{"href":"https:\/\/agora.xtec.cat\/ceip-jruyra-l-h\/wp-json\/wp\/v2\/media?parent=14316"}],"wp:term":[{"taxonomy":"category","embeddable":true,"href":"https:\/\/agora.xtec.cat\/ceip-jruyra-l-h\/wp-json\/wp\/v2\/categories?post=14316"},{"taxonomy":"post_tag","embeddable":true,"href":"https:\/\/agora.xtec.cat\/ceip-jruyra-l-h\/wp-json\/wp\/v2\/tags?post=14316"}],"curies":[{"name":"wp","href":"https:\/\/api.w.org\/{rel}","templated":true}]}}