{"id":14306,"date":"2023-05-08T13:29:10","date_gmt":"2023-05-08T11:29:10","guid":{"rendered":"https:\/\/agora.xtec.cat\/ceip-jruyra-l-h\/?p=14306"},"modified":"2023-05-08T13:29:10","modified_gmt":"2023-05-08T11:29:10","slug":"la-ciencia-es-feminitza","status":"publish","type":"post","link":"https:\/\/agora.xtec.cat\/ceip-jruyra-l-h\/general\/la-ciencia-es-feminitza\/","title":{"rendered":"La ci\u00e8ncia es feminitza"},"content":{"rendered":"<p style=\"text-align: left;\">Aquesta passada setmana hem anat a l&#8217;espai Torrebarrina a fer un taller sobre la dona al m\u00f3n de la ci\u00e8ncia. Durant aquest espai de temps els discents han pogut descobrir novetats excepcionals pel que respecta al camp dels descobriments cient\u00edfics fet per dones. Hem quedat tots i totes bocabadats amb l&#8217;excel\u00b7l\u00e8ncia dels seus descobriments.<\/p>\n<p>Els i les alumnes de 6\u00e8 hem sortit d&#8217;aquest taller m\u00e9s contents que un g\u00ednjol!<\/p>\n<p><img loading=\"lazy\" decoding=\"async\" class=\"alignnone size-large wp-image-14308\" src=\"https:\/\/agora.xtec.cat\/ceip-jruyra-l-h\/wp-content\/uploads\/usu2049\/2023\/05\/IMG-20230502-WA0000-576x768.jpg\" alt=\"\" width=\"576\" height=\"768\" srcset=\"https:\/\/agora.xtec.cat\/ceip-jruyra-l-h\/wp-content\/uploads\/usu2049\/2023\/05\/IMG-20230502-WA0000-576x768.jpg 576w, https:\/\/agora.xtec.cat\/ceip-jruyra-l-h\/wp-content\/uploads\/usu2049\/2023\/05\/IMG-20230502-WA0000-225x300.jpg 225w, https:\/\/agora.xtec.cat\/ceip-jruyra-l-h\/wp-content\/uploads\/usu2049\/2023\/05\/IMG-20230502-WA0000-768x1024.jpg 768w, https:\/\/agora.xtec.cat\/ceip-jruyra-l-h\/wp-content\/uploads\/usu2049\/2023\/05\/IMG-20230502-WA0000-1152x1536.jpg 1152w, https:\/\/agora.xtec.cat\/ceip-jruyra-l-h\/wp-content\/uploads\/usu2049\/2023\/05\/IMG-20230502-WA0000.jpg 1536w\" sizes=\"auto, (max-width: 576px) 100vw, 576px\" \/> <img loading=\"lazy\" decoding=\"async\" class=\"alignnone size-large wp-image-14309\" src=\"https:\/\/agora.xtec.cat\/ceip-jruyra-l-h\/wp-content\/uploads\/usu2049\/2023\/05\/IMG-20230502-WA0001-1024x768.jpg\" alt=\"\" width=\"1024\" height=\"768\" srcset=\"https:\/\/agora.xtec.cat\/ceip-jruyra-l-h\/wp-content\/uploads\/usu2049\/2023\/05\/IMG-20230502-WA0001-1024x768.jpg 1024w, https:\/\/agora.xtec.cat\/ceip-jruyra-l-h\/wp-content\/uploads\/usu2049\/2023\/05\/IMG-20230502-WA0001-300x225.jpg 300w, https:\/\/agora.xtec.cat\/ceip-jruyra-l-h\/wp-content\/uploads\/usu2049\/2023\/05\/IMG-20230502-WA0001-768x576.jpg 768w, https:\/\/agora.xtec.cat\/ceip-jruyra-l-h\/wp-content\/uploads\/usu2049\/2023\/05\/IMG-20230502-WA0001-1536x1152.jpg 1536w, https:\/\/agora.xtec.cat\/ceip-jruyra-l-h\/wp-content\/uploads\/usu2049\/2023\/05\/IMG-20230502-WA0001-200x150.jpg 200w, https:\/\/agora.xtec.cat\/ceip-jruyra-l-h\/wp-content\/uploads\/usu2049\/2023\/05\/IMG-20230502-WA0001.jpg 2048w\" sizes=\"auto, (max-width: 1024px) 100vw, 1024px\" \/> <img loading=\"lazy\" decoding=\"async\" class=\"alignnone size-large wp-image-14310\" src=\"https:\/\/agora.xtec.cat\/ceip-jruyra-l-h\/wp-content\/uploads\/usu2049\/2023\/05\/IMG-20230502-WA0002-1024x768.jpg\" alt=\"\" width=\"1024\" height=\"768\" srcset=\"https:\/\/agora.xtec.cat\/ceip-jruyra-l-h\/wp-content\/uploads\/usu2049\/2023\/05\/IMG-20230502-WA0002-1024x768.jpg 1024w, https:\/\/agora.xtec.cat\/ceip-jruyra-l-h\/wp-content\/uploads\/usu2049\/2023\/05\/IMG-20230502-WA0002-300x225.jpg 300w, https:\/\/agora.xtec.cat\/ceip-jruyra-l-h\/wp-content\/uploads\/usu2049\/2023\/05\/IMG-20230502-WA0002-768x576.jpg 768w, https:\/\/agora.xtec.cat\/ceip-jruyra-l-h\/wp-content\/uploads\/usu2049\/2023\/05\/IMG-20230502-WA0002-1536x1152.jpg 1536w, https:\/\/agora.xtec.cat\/ceip-jruyra-l-h\/wp-content\/uploads\/usu2049\/2023\/05\/IMG-20230502-WA0002-200x150.jpg 200w, https:\/\/agora.xtec.cat\/ceip-jruyra-l-h\/wp-content\/uploads\/usu2049\/2023\/05\/IMG-20230502-WA0002.jpg 2048w\" sizes=\"auto, (max-width: 1024px) 100vw, 1024px\" \/><\/p>\n<p>&nbsp;<\/p>\n","protected":false},"excerpt":{"rendered":"<p>Aquesta passada setmana hem anat a l&#8217;espai Torrebarrina a fer un taller sobre la dona al m\u00f3n de la ci\u00e8ncia. Durant aquest espai de temps els discents han pogut descobrir novetats excepcionals pel que respecta al camp dels descobriments cient\u00edfics fet per dones. Hem quedat&hellip;  <a href=\"https:\/\/agora.xtec.cat\/ceip-jruyra-l-h\/general\/la-ciencia-es-feminitza\/\" title=\"Read La ci\u00e8ncia es feminitza\">Llegeix m\u00e9s\u00bb<\/a><\/p>\n","protected":false},"author":1,"featured_media":14308,"comment_status":"open","ping_status":"closed","sticky":false,"template":"","format":"standard","meta":{"_bbp_topic_count":0,"_bbp_reply_count":0,"_bbp_total_topic_count":0,"_bbp_total_reply_count":0,"_bbp_voice_count":0,"_bbp_anonymous_reply_count":0,"_bbp_topic_count_hidden":0,"_bbp_reply_count_hidden":0,"_bbp_forum_subforum_count":0,"footnotes":""},"categories":[15,1],"tags":[],"class_list":["post-14306","post","type-post","status-publish","format-standard","has-post-thumbnail","hentry","category-6e","category-general"],"post_mailing_queue_ids":[],"_links":{"self":[{"href":"https:\/\/agora.xtec.cat\/ceip-jruyra-l-h\/wp-json\/wp\/v2\/posts\/14306","targetHints":{"allow":["GET"]}}],"collection":[{"href":"https:\/\/agora.xtec.cat\/ceip-jruyra-l-h\/wp-json\/wp\/v2\/posts"}],"about":[{"href":"https:\/\/agora.xtec.cat\/ceip-jruyra-l-h\/wp-json\/wp\/v2\/types\/post"}],"author":[{"embeddable":true,"href":"https:\/\/agora.xtec.cat\/ceip-jruyra-l-h\/wp-json\/wp\/v2\/users\/1"}],"replies":[{"embeddable":true,"href":"https:\/\/agora.xtec.cat\/ceip-jruyra-l-h\/wp-json\/wp\/v2\/comments?post=14306"}],"version-history":[{"count":3,"href":"https:\/\/agora.xtec.cat\/ceip-jruyra-l-h\/wp-json\/wp\/v2\/posts\/14306\/revisions"}],"predecessor-version":[{"id":14328,"href":"https:\/\/agora.xtec.cat\/ceip-jruyra-l-h\/wp-json\/wp\/v2\/posts\/14306\/revisions\/14328"}],"wp:featuredmedia":[{"embeddable":true,"href":"https:\/\/agora.xtec.cat\/ceip-jruyra-l-h\/wp-json\/wp\/v2\/media\/14308"}],"wp:attachment":[{"href":"https:\/\/agora.xtec.cat\/ceip-jruyra-l-h\/wp-json\/wp\/v2\/media?parent=14306"}],"wp:term":[{"taxonomy":"category","embeddable":true,"href":"https:\/\/agora.xtec.cat\/ceip-jruyra-l-h\/wp-json\/wp\/v2\/categories?post=14306"},{"taxonomy":"post_tag","embeddable":true,"href":"https:\/\/agora.xtec.cat\/ceip-jruyra-l-h\/wp-json\/wp\/v2\/tags?post=14306"}],"curies":[{"name":"wp","href":"https:\/\/api.w.org\/{rel}","templated":true}]}}