{"id":14303,"date":"2023-05-09T13:29:36","date_gmt":"2023-05-09T11:29:36","guid":{"rendered":"https:\/\/agora.xtec.cat\/ceip-jruyra-l-h\/?p=14303"},"modified":"2023-05-08T13:30:56","modified_gmt":"2023-05-08T11:30:56","slug":"i3a-el-cap-de-setmana-de-la-valentina-i-lainhoa","status":"publish","type":"post","link":"https:\/\/agora.xtec.cat\/ceip-jruyra-l-h\/general\/i3a-el-cap-de-setmana-de-la-valentina-i-lainhoa\/","title":{"rendered":"I3A: EL CAP DE SETMANA DE LA VALENTINA I L&#8217;AINHOA"},"content":{"rendered":"<p>Hola a tothom!! La setmana passada, les nostres companyes de la classe dels pinzells l\u2019Ainhoa i la Valentina van explicar el seu cap de setmana.<\/p>\n<p><img loading=\"lazy\" decoding=\"async\" class=\"alignnone wp-image-14304\" src=\"https:\/\/agora.xtec.cat\/ceip-jruyra-l-h\/wp-content\/uploads\/usu2049\/2023\/05\/01-576x768.jpg\" alt=\"\" width=\"393\" height=\"524\" srcset=\"https:\/\/agora.xtec.cat\/ceip-jruyra-l-h\/wp-content\/uploads\/usu2049\/2023\/05\/01-576x768.jpg 576w, https:\/\/agora.xtec.cat\/ceip-jruyra-l-h\/wp-content\/uploads\/usu2049\/2023\/05\/01-225x300.jpg 225w, https:\/\/agora.xtec.cat\/ceip-jruyra-l-h\/wp-content\/uploads\/usu2049\/2023\/05\/01-768x1024.jpg 768w, https:\/\/agora.xtec.cat\/ceip-jruyra-l-h\/wp-content\/uploads\/usu2049\/2023\/05\/01-1152x1536.jpg 1152w, https:\/\/agora.xtec.cat\/ceip-jruyra-l-h\/wp-content\/uploads\/usu2049\/2023\/05\/01-1536x2048.jpg 1536w, https:\/\/agora.xtec.cat\/ceip-jruyra-l-h\/wp-content\/uploads\/usu2049\/2023\/05\/01-scaled.jpg 1920w\" sizes=\"auto, (max-width: 393px) 100vw, 393px\" \/><\/p>\n<p>La Valentina ha estat molt malalta i fa faltat molt de temps a l\u2019escola. Es per aix\u00f2 que no ha pogut explicar-ho fins ara. Els cap de setmana de la Valentina va ser molt complert. Va fer la rua de carnestoltes amb l\u2019esplai de la Florida divendres. El dissabte i diumenge va estar dibuixant i pintant que li agrada molt. Tamb\u00e9 ens va dedicar un ball a casa seva amb una art esc\u00e8nic molt divertit!! Ens alegra molt\u00edssim que ja estiguis b\u00e9 per compartir-ho amb el teu grup. Aqu\u00ed us deixem l&#8217;enlla\u00e7 dels v\u00eddeos i les fotos perqu\u00e8 ho veieu.<\/p>\n<p><a href=\"https:\/\/drive.google.com\/drive\/folders\/1MJMqdUOrvEk0CGk5twf_st-RZu1ASIPZ?usp=share_link\">https:\/\/drive.google.com\/drive\/folders\/1MJMqdUOrvEk0CGk5twf_st-RZu1ASIPZ?usp=share_link<\/a><\/p>\n<p>L\u2019Ainhoa ens ha explicat tamb\u00e9 totes les coses que ha fet durant el seu cap de setmana. El divendres tarda van anar al supermercat amb tota la fam\u00edlia. El dissabte va acompanyar amb la seva germana als seus papis als assajos del grup de dansa i m\u00fasica de Rapa Nui (illa de Pasqua). Son uns artistes!! El diumenge van anar al Parc de les Planes amb la seva germana (l\u2019Ainara) i el seu pare. Aqu\u00ed us deixo l&#8217;enlla\u00e7 de les fotos i uns v\u00eddeos de l\u2019explicaci\u00f3 de l\u2019Ainhoa. Desitgem que us agradi.<\/p>\n<p><a href=\"https:\/\/drive.google.com\/drive\/folders\/1pYihlbUyCBOLYZjQtqKYutr2D-7zaj9S?usp=share_link\">https:\/\/drive.google.com\/drive\/folders\/1pYihlbUyCBOLYZjQtqKYutr2D-7zaj9S?usp=share_link<\/a><\/p>\n<p><img loading=\"lazy\" decoding=\"async\" class=\"alignnone wp-image-14305\" src=\"https:\/\/agora.xtec.cat\/ceip-jruyra-l-h\/wp-content\/uploads\/usu2049\/2023\/05\/01-1-576x768.jpg\" alt=\"\" width=\"419\" height=\"559\" srcset=\"https:\/\/agora.xtec.cat\/ceip-jruyra-l-h\/wp-content\/uploads\/usu2049\/2023\/05\/01-1-576x768.jpg 576w, https:\/\/agora.xtec.cat\/ceip-jruyra-l-h\/wp-content\/uploads\/usu2049\/2023\/05\/01-1-225x300.jpg 225w, https:\/\/agora.xtec.cat\/ceip-jruyra-l-h\/wp-content\/uploads\/usu2049\/2023\/05\/01-1-768x1024.jpg 768w, https:\/\/agora.xtec.cat\/ceip-jruyra-l-h\/wp-content\/uploads\/usu2049\/2023\/05\/01-1-1152x1536.jpg 1152w, https:\/\/agora.xtec.cat\/ceip-jruyra-l-h\/wp-content\/uploads\/usu2049\/2023\/05\/01-1-1536x2048.jpg 1536w, https:\/\/agora.xtec.cat\/ceip-jruyra-l-h\/wp-content\/uploads\/usu2049\/2023\/05\/01-1-scaled.jpg 1920w\" sizes=\"auto, (max-width: 419px) 100vw, 419px\" \/><\/p>\n<p>Gr\u00e0cies a les seves fam\u00edlies per la seva col\u00b7laboraci\u00f3!!<\/p>\n","protected":false},"excerpt":{"rendered":"<p>Hola a tothom!! La setmana passada, les nostres companyes de la classe dels pinzells l\u2019Ainhoa i la Valentina van explicar el seu cap de setmana.<\/p>\n<p>La Valentina ha estat molt malalta i fa faltat molt de temps a l\u2019escola. Es per aix\u00f2 que no ha pogut&hellip;  <a href=\"https:\/\/agora.xtec.cat\/ceip-jruyra-l-h\/general\/i3a-el-cap-de-setmana-de-la-valentina-i-lainhoa\/\" title=\"Read I3A: EL CAP DE SETMANA DE LA VALENTINA I L&#8217;AINHOA\">Llegeix m\u00e9s\u00bb<\/a><\/p>\n","protected":false},"author":1,"featured_media":14304,"comment_status":"open","ping_status":"closed","sticky":false,"template":"","format":"standard","meta":{"_bbp_topic_count":0,"_bbp_reply_count":0,"_bbp_total_topic_count":0,"_bbp_total_reply_count":0,"_bbp_voice_count":0,"_bbp_anonymous_reply_count":0,"_bbp_topic_count_hidden":0,"_bbp_reply_count_hidden":0,"_bbp_forum_subforum_count":0,"footnotes":""},"categories":[1,3],"tags":[],"class_list":["post-14303","post","type-post","status-publish","format-standard","has-post-thumbnail","hentry","category-general","category-i3"],"post_mailing_queue_ids":[],"_links":{"self":[{"href":"https:\/\/agora.xtec.cat\/ceip-jruyra-l-h\/wp-json\/wp\/v2\/posts\/14303","targetHints":{"allow":["GET"]}}],"collection":[{"href":"https:\/\/agora.xtec.cat\/ceip-jruyra-l-h\/wp-json\/wp\/v2\/posts"}],"about":[{"href":"https:\/\/agora.xtec.cat\/ceip-jruyra-l-h\/wp-json\/wp\/v2\/types\/post"}],"author":[{"embeddable":true,"href":"https:\/\/agora.xtec.cat\/ceip-jruyra-l-h\/wp-json\/wp\/v2\/users\/1"}],"replies":[{"embeddable":true,"href":"https:\/\/agora.xtec.cat\/ceip-jruyra-l-h\/wp-json\/wp\/v2\/comments?post=14303"}],"version-history":[{"count":1,"href":"https:\/\/agora.xtec.cat\/ceip-jruyra-l-h\/wp-json\/wp\/v2\/posts\/14303\/revisions"}],"predecessor-version":[{"id":14322,"href":"https:\/\/agora.xtec.cat\/ceip-jruyra-l-h\/wp-json\/wp\/v2\/posts\/14303\/revisions\/14322"}],"wp:featuredmedia":[{"embeddable":true,"href":"https:\/\/agora.xtec.cat\/ceip-jruyra-l-h\/wp-json\/wp\/v2\/media\/14304"}],"wp:attachment":[{"href":"https:\/\/agora.xtec.cat\/ceip-jruyra-l-h\/wp-json\/wp\/v2\/media?parent=14303"}],"wp:term":[{"taxonomy":"category","embeddable":true,"href":"https:\/\/agora.xtec.cat\/ceip-jruyra-l-h\/wp-json\/wp\/v2\/categories?post=14303"},{"taxonomy":"post_tag","embeddable":true,"href":"https:\/\/agora.xtec.cat\/ceip-jruyra-l-h\/wp-json\/wp\/v2\/tags?post=14303"}],"curies":[{"name":"wp","href":"https:\/\/api.w.org\/{rel}","templated":true}]}}