{"id":14294,"date":"2023-04-26T18:25:35","date_gmt":"2023-04-26T16:25:35","guid":{"rendered":"https:\/\/agora.xtec.cat\/ceip-jruyra-l-h\/?p=14294"},"modified":"2023-06-14T00:07:00","modified_gmt":"2023-06-13T22:07:00","slug":"dies-festius","status":"publish","type":"post","link":"https:\/\/agora.xtec.cat\/ceip-jruyra-l-h\/general\/dies-festius\/","title":{"rendered":"Dies festius"},"content":{"rendered":"<p>Benvolgudes fam\u00edlies i alumnes,<\/p>\n<p>Ens adrecem a vosaltres per recordar-vos que el <span style=\"text-decoration: underline;\"><strong>divendres 28 d&#8217;abril<\/strong><\/span> \u00e9s un dia <strong>festiu<\/strong> de lliure disposici\u00f3, i que el <span style=\"text-decoration: underline;\"><strong>dilluns 1 de maig<\/strong><\/span> \u00e9s festa nacional. En conseq\u00fc\u00e8ncia, no hi haur\u00e0 classes fins dimarts 2 de maig.<\/p>\n<p>Aprofitem aquesta oportunitat per desitjar-vos un bon cap de setmana llarg. Salutacions<\/p>\n<p><img loading=\"lazy\" decoding=\"async\" class=\"wp-image-11781 alignleft\" src=\"https:\/\/agora.xtec.cat\/ceip-jruyra-l-h\/wp-content\/uploads\/usu2049\/2022\/03\/logo-blanco-borde-transparente.png\" alt=\"\" width=\"85\" height=\"80\" srcset=\"https:\/\/agora.xtec.cat\/ceip-jruyra-l-h\/wp-content\/uploads\/usu2049\/2022\/03\/logo-blanco-borde-transparente.png 556w, https:\/\/agora.xtec.cat\/ceip-jruyra-l-h\/wp-content\/uploads\/usu2049\/2022\/03\/logo-blanco-borde-transparente-300x281.png 300w\" sizes=\"auto, (max-width: 85px) 100vw, 85px\" \/><\/p>\n","protected":false},"excerpt":{"rendered":"<p>Benvolgudes fam\u00edlies i alumnes,<br \/>\nEns adrecem a vosaltres per recordar-vos que el divendres 28 d&#8217;abril \u00e9s un dia festiu de lliure disposici\u00f3, i que el dilluns 1 de maig \u00e9s festa nacional. En conseq\u00fc\u00e8ncia, no hi haur\u00e0 classes fins dimarts 2 de maig.<br \/>\nAprofitem aquesta oportunitat per&hellip;  <a href=\"https:\/\/agora.xtec.cat\/ceip-jruyra-l-h\/general\/dies-festius\/\" title=\"Read Dies festius\">Llegeix m\u00e9s\u00bb<\/a><\/p>\n","protected":false},"author":16,"featured_media":8820,"comment_status":"open","ping_status":"closed","sticky":false,"template":"","format":"standard","meta":{"_bbp_topic_count":0,"_bbp_reply_count":0,"_bbp_total_topic_count":0,"_bbp_total_reply_count":0,"_bbp_voice_count":0,"_bbp_anonymous_reply_count":0,"_bbp_topic_count_hidden":0,"_bbp_reply_count_hidden":0,"_bbp_forum_subforum_count":0,"footnotes":""},"categories":[1],"tags":[],"class_list":["post-14294","post","type-post","status-publish","format-standard","has-post-thumbnail","hentry","category-general"],"post_mailing_queue_ids":[],"_links":{"self":[{"href":"https:\/\/agora.xtec.cat\/ceip-jruyra-l-h\/wp-json\/wp\/v2\/posts\/14294","targetHints":{"allow":["GET"]}}],"collection":[{"href":"https:\/\/agora.xtec.cat\/ceip-jruyra-l-h\/wp-json\/wp\/v2\/posts"}],"about":[{"href":"https:\/\/agora.xtec.cat\/ceip-jruyra-l-h\/wp-json\/wp\/v2\/types\/post"}],"author":[{"embeddable":true,"href":"https:\/\/agora.xtec.cat\/ceip-jruyra-l-h\/wp-json\/wp\/v2\/users\/16"}],"replies":[{"embeddable":true,"href":"https:\/\/agora.xtec.cat\/ceip-jruyra-l-h\/wp-json\/wp\/v2\/comments?post=14294"}],"version-history":[{"count":1,"href":"https:\/\/agora.xtec.cat\/ceip-jruyra-l-h\/wp-json\/wp\/v2\/posts\/14294\/revisions"}],"predecessor-version":[{"id":14295,"href":"https:\/\/agora.xtec.cat\/ceip-jruyra-l-h\/wp-json\/wp\/v2\/posts\/14294\/revisions\/14295"}],"wp:featuredmedia":[{"embeddable":true,"href":"https:\/\/agora.xtec.cat\/ceip-jruyra-l-h\/wp-json\/wp\/v2\/media\/8820"}],"wp:attachment":[{"href":"https:\/\/agora.xtec.cat\/ceip-jruyra-l-h\/wp-json\/wp\/v2\/media?parent=14294"}],"wp:term":[{"taxonomy":"category","embeddable":true,"href":"https:\/\/agora.xtec.cat\/ceip-jruyra-l-h\/wp-json\/wp\/v2\/categories?post=14294"},{"taxonomy":"post_tag","embeddable":true,"href":"https:\/\/agora.xtec.cat\/ceip-jruyra-l-h\/wp-json\/wp\/v2\/tags?post=14294"}],"curies":[{"name":"wp","href":"https:\/\/api.w.org\/{rel}","templated":true}]}}