{"id":14277,"date":"2023-04-24T09:10:53","date_gmt":"2023-04-24T07:10:53","guid":{"rendered":"https:\/\/agora.xtec.cat\/ceip-jruyra-l-h\/?p=14277"},"modified":"2023-04-24T09:48:30","modified_gmt":"2023-04-24T07:48:30","slug":"apadrinament-lector","status":"publish","type":"post","link":"https:\/\/agora.xtec.cat\/ceip-jruyra-l-h\/general\/apadrinament-lector\/","title":{"rendered":"Apadrinament lector"},"content":{"rendered":"<p>Amb motiu de la celebraci\u00f3 de la diada de Sant Jordi a l&#8217;escola hem realitzat l\u2019apadrinament lector, \u00e9s una activitat col\u00b7laborativa que han realitzat alumnes des d&#8217;I3 fins a 6\u00e8 de prim\u00e0ria. Els alumnes de 3r a 6\u00e8 fan de padrins de lectura i els alumnes d&#8217;infantil i CI fan de fillols. El fet de ser padr\u00ed de lectura representa que l\u2019alumne padr\u00ed ajuda a llegir el seu fillol<span style=\"font-family: inherit; font-size: 1em;\"> o fillols i comprendre el que es llegeix, alhora que mira d\u2019encomanar-li el gust per la lectura.<\/span><\/p>\n<p>Els nens a vegades s\u00f3n reticents a llegir llibres, ja que molts d&#8217;ells els semblen avorrits i poc interessants, no obstant aix\u00f2, amb l&#8217;apadrinament, els m\u00e9s grans poden convertir en plaer la lectura per als m\u00e9s petits.<\/p>\n<p>Per concloure, l&#8217;apadrinament lector \u00e9s una oportunitat per compartir la m\u00e0gia de llegir, la posada en com\u00fa que pot\u00e8ncia el respecte, la toler\u00e0ncia i la cultura. Aix\u00ed doncs, fomentem aquesta activitat perqu\u00e8 tots puguem gaudir de les emocions \u00fanicament presents en els llibres.<\/p>\n<p>Aqu\u00ed teniu una mostra del que va ser la jornada.<\/p>\n<p>&nbsp;<\/p>\n<div style=\"position: relative; width: 100%; height: 0; padding-top: 133.3333%; padding-bottom: 0; box-shadow: 0 2px 8px 0 rgba(63,69,81,0.16); margin-top: 1.6em; margin-bottom: 0.9em; overflow: hidden; border-radius: 8px; will-change: transform;\"><iframe style=\"position: absolute; width: 100%; height: 100%; top: 0; left: 0; border: none; padding: 0; margin: 0;\" src=\"https:\/\/www.canva.com\/design\/DAFg0N_G_k8\/view?embed\" allowfullscreen=\"allowfullscreen\"><br \/>\n<\/iframe><\/div>\n<p><a href=\"https:\/\/www.canva.com\/design\/DAFg0N_G_k8\/view?utm_content=DAFg0N_G_k8&amp;utm_campaign=designshare&amp;utm_medium=embeds&amp;utm_source=link\" target=\"_blank\" rel=\"noopener\">Green Illustrative Classroom Reading Poster<\/a> de Escola Joaquim Ruyra<\/p>\n","protected":false},"excerpt":{"rendered":"<p>Amb motiu de la celebraci\u00f3 de la diada de Sant Jordi a l&#8217;escola hem realitzat l\u2019apadrinament lector, \u00e9s una activitat col\u00b7laborativa que han realitzat alumnes des d&#8217;I3 fins a 6\u00e8 de prim\u00e0ria. Els alumnes de 3r a 6\u00e8 fan de padrins de lectura i els&hellip;  <a href=\"https:\/\/agora.xtec.cat\/ceip-jruyra-l-h\/general\/apadrinament-lector\/\" title=\"Read Apadrinament lector\">Llegeix m\u00e9s\u00bb<\/a><\/p>\n","protected":false},"author":16,"featured_media":14287,"comment_status":"open","ping_status":"closed","sticky":false,"template":"","format":"standard","meta":{"_bbp_topic_count":0,"_bbp_reply_count":0,"_bbp_total_topic_count":0,"_bbp_total_reply_count":0,"_bbp_voice_count":0,"_bbp_anonymous_reply_count":0,"_bbp_topic_count_hidden":0,"_bbp_reply_count_hidden":0,"_bbp_forum_subforum_count":0,"footnotes":""},"categories":[10,11,12,13,14,15,1,2,3,8,9,5],"tags":[],"class_list":["post-14277","post","type-post","status-publish","format-standard","has-post-thumbnail","hentry","category-1r","category-2n","category-3r","category-4t","category-5e","category-6e","category-general","category-infantil","category-i3","category-i4","category-i5","category-primaria"],"post_mailing_queue_ids":[],"_links":{"self":[{"href":"https:\/\/agora.xtec.cat\/ceip-jruyra-l-h\/wp-json\/wp\/v2\/posts\/14277","targetHints":{"allow":["GET"]}}],"collection":[{"href":"https:\/\/agora.xtec.cat\/ceip-jruyra-l-h\/wp-json\/wp\/v2\/posts"}],"about":[{"href":"https:\/\/agora.xtec.cat\/ceip-jruyra-l-h\/wp-json\/wp\/v2\/types\/post"}],"author":[{"embeddable":true,"href":"https:\/\/agora.xtec.cat\/ceip-jruyra-l-h\/wp-json\/wp\/v2\/users\/16"}],"replies":[{"embeddable":true,"href":"https:\/\/agora.xtec.cat\/ceip-jruyra-l-h\/wp-json\/wp\/v2\/comments?post=14277"}],"version-history":[{"count":3,"href":"https:\/\/agora.xtec.cat\/ceip-jruyra-l-h\/wp-json\/wp\/v2\/posts\/14277\/revisions"}],"predecessor-version":[{"id":14289,"href":"https:\/\/agora.xtec.cat\/ceip-jruyra-l-h\/wp-json\/wp\/v2\/posts\/14277\/revisions\/14289"}],"wp:featuredmedia":[{"embeddable":true,"href":"https:\/\/agora.xtec.cat\/ceip-jruyra-l-h\/wp-json\/wp\/v2\/media\/14287"}],"wp:attachment":[{"href":"https:\/\/agora.xtec.cat\/ceip-jruyra-l-h\/wp-json\/wp\/v2\/media?parent=14277"}],"wp:term":[{"taxonomy":"category","embeddable":true,"href":"https:\/\/agora.xtec.cat\/ceip-jruyra-l-h\/wp-json\/wp\/v2\/categories?post=14277"},{"taxonomy":"post_tag","embeddable":true,"href":"https:\/\/agora.xtec.cat\/ceip-jruyra-l-h\/wp-json\/wp\/v2\/tags?post=14277"}],"curies":[{"name":"wp","href":"https:\/\/api.w.org\/{rel}","templated":true}]}}