{"id":14223,"date":"2023-04-17T08:39:59","date_gmt":"2023-04-17T06:39:59","guid":{"rendered":"https:\/\/agora.xtec.cat\/ceip-jruyra-l-h\/?p=14223"},"modified":"2025-02-16T12:22:32","modified_gmt":"2025-02-16T11:22:32","slug":"ens-acomiadem-den-lazarillo","status":"publish","type":"post","link":"https:\/\/agora.xtec.cat\/ceip-jruyra-l-h\/general\/ens-acomiadem-den-lazarillo\/","title":{"rendered":"Ens acomiadem d&#8217;en Lazarillo!"},"content":{"rendered":"<p>Hola a tothom!<\/p>\n<p>Als alumnes de 4t ens ha fet molta pena per\u00f2 hem arribat al final del llibre del <em>Lazarillo<\/em>. Ens acomiadem d&#8217;en L\u00e1zaro y de totes les aventures i experi\u00e8ncies viscudes. Sabem que no ha tingut una vida f\u00e0cil per\u00f2 gr\u00e0cies a la lectura d&#8217;aquest llibre hem tingut l&#8217;oportunitat de reflexionar molt sobre diversos temes com l&#8217;amistat, l&#8217;amor, la pobresa, la por, la mentida, la soledat, l&#8217;empatia, l&#8217;honestedat, la solidaritat&#8230;<\/p>\n<p>Han estat unes tert\u00falies molt profitoses i gratificants.<\/p>\n<p>Fins la propera!<\/p>\n<p>&nbsp;<\/p>\n<p><img loading=\"lazy\" decoding=\"async\" class=\"aligncenter size-large wp-image-14225\" src=\"https:\/\/agora.xtec.cat\/ceip-jruyra-l-h\/wp-content\/uploads\/usu2049\/2023\/04\/bbf1e8b9-1dd9-4a95-aedc-ab54a6283277-1024x768.jpg\" alt=\"\" width=\"1024\" height=\"768\" srcset=\"https:\/\/agora.xtec.cat\/ceip-jruyra-l-h\/wp-content\/uploads\/usu2049\/2023\/04\/bbf1e8b9-1dd9-4a95-aedc-ab54a6283277.jpg 1024w, https:\/\/agora.xtec.cat\/ceip-jruyra-l-h\/wp-content\/uploads\/usu2049\/2023\/04\/bbf1e8b9-1dd9-4a95-aedc-ab54a6283277-300x225.jpg 300w, https:\/\/agora.xtec.cat\/ceip-jruyra-l-h\/wp-content\/uploads\/usu2049\/2023\/04\/bbf1e8b9-1dd9-4a95-aedc-ab54a6283277-768x576.jpg 768w, https:\/\/agora.xtec.cat\/ceip-jruyra-l-h\/wp-content\/uploads\/usu2049\/2023\/04\/bbf1e8b9-1dd9-4a95-aedc-ab54a6283277-200x150.jpg 200w\" sizes=\"auto, (max-width: 1024px) 100vw, 1024px\" \/> <img loading=\"lazy\" decoding=\"async\" class=\"aligncenter size-large wp-image-14226\" src=\"https:\/\/agora.xtec.cat\/ceip-jruyra-l-h\/wp-content\/uploads\/usu2049\/2023\/04\/944e6660-903f-4d09-bc3f-ac4ffc41f77c-1024x768.jpg\" alt=\"\" width=\"1024\" height=\"768\" srcset=\"https:\/\/agora.xtec.cat\/ceip-jruyra-l-h\/wp-content\/uploads\/usu2049\/2023\/04\/944e6660-903f-4d09-bc3f-ac4ffc41f77c.jpg 1024w, https:\/\/agora.xtec.cat\/ceip-jruyra-l-h\/wp-content\/uploads\/usu2049\/2023\/04\/944e6660-903f-4d09-bc3f-ac4ffc41f77c-300x225.jpg 300w, https:\/\/agora.xtec.cat\/ceip-jruyra-l-h\/wp-content\/uploads\/usu2049\/2023\/04\/944e6660-903f-4d09-bc3f-ac4ffc41f77c-768x576.jpg 768w, https:\/\/agora.xtec.cat\/ceip-jruyra-l-h\/wp-content\/uploads\/usu2049\/2023\/04\/944e6660-903f-4d09-bc3f-ac4ffc41f77c-200x150.jpg 200w\" sizes=\"auto, (max-width: 1024px) 100vw, 1024px\" \/><\/p>\n<p>&nbsp;<\/p>\n<p>&nbsp;<\/p>\n","protected":false},"excerpt":{"rendered":"<p>Hola a tothom!<br \/>\nAls alumnes de 4t ens ha fet molta pena per\u00f2 hem arribat al final del llibre del Lazarillo. Ens acomiadem d&#8217;en L\u00e1zaro y de totes les aventures i experi\u00e8ncies viscudes. Sabem que no ha tingut una vida f\u00e0cil per\u00f2 gr\u00e0cies a la lectura&hellip;  <a href=\"https:\/\/agora.xtec.cat\/ceip-jruyra-l-h\/general\/ens-acomiadem-den-lazarillo\/\" title=\"Read Ens acomiadem d&#8217;en Lazarillo!\">Llegeix m\u00e9s\u00bb<\/a><\/p>\n","protected":false},"author":5,"featured_media":14226,"comment_status":"open","ping_status":"closed","sticky":false,"template":"","format":"standard","meta":{"_bbp_topic_count":0,"_bbp_reply_count":0,"_bbp_total_topic_count":0,"_bbp_total_reply_count":0,"_bbp_voice_count":0,"_bbp_anonymous_reply_count":0,"_bbp_topic_count_hidden":0,"_bbp_reply_count_hidden":0,"_bbp_forum_subforum_count":0,"footnotes":""},"categories":[13,60,1,4],"tags":[71,83,63],"class_list":["post-14223","post","type-post","status-publish","format-standard","has-post-thumbnail","hentry","category-4t","category-cdaxarxa","category-general","category-portada","tag-actuacions-educatives-dexit","tag-comunitats-daprenentatge","tag-tertulies-dialogiques"],"post_mailing_queue_ids":[],"_links":{"self":[{"href":"https:\/\/agora.xtec.cat\/ceip-jruyra-l-h\/wp-json\/wp\/v2\/posts\/14223","targetHints":{"allow":["GET"]}}],"collection":[{"href":"https:\/\/agora.xtec.cat\/ceip-jruyra-l-h\/wp-json\/wp\/v2\/posts"}],"about":[{"href":"https:\/\/agora.xtec.cat\/ceip-jruyra-l-h\/wp-json\/wp\/v2\/types\/post"}],"author":[{"embeddable":true,"href":"https:\/\/agora.xtec.cat\/ceip-jruyra-l-h\/wp-json\/wp\/v2\/users\/5"}],"replies":[{"embeddable":true,"href":"https:\/\/agora.xtec.cat\/ceip-jruyra-l-h\/wp-json\/wp\/v2\/comments?post=14223"}],"version-history":[{"count":3,"href":"https:\/\/agora.xtec.cat\/ceip-jruyra-l-h\/wp-json\/wp\/v2\/posts\/14223\/revisions"}],"predecessor-version":[{"id":14228,"href":"https:\/\/agora.xtec.cat\/ceip-jruyra-l-h\/wp-json\/wp\/v2\/posts\/14223\/revisions\/14228"}],"wp:featuredmedia":[{"embeddable":true,"href":"https:\/\/agora.xtec.cat\/ceip-jruyra-l-h\/wp-json\/wp\/v2\/media\/14226"}],"wp:attachment":[{"href":"https:\/\/agora.xtec.cat\/ceip-jruyra-l-h\/wp-json\/wp\/v2\/media?parent=14223"}],"wp:term":[{"taxonomy":"category","embeddable":true,"href":"https:\/\/agora.xtec.cat\/ceip-jruyra-l-h\/wp-json\/wp\/v2\/categories?post=14223"},{"taxonomy":"post_tag","embeddable":true,"href":"https:\/\/agora.xtec.cat\/ceip-jruyra-l-h\/wp-json\/wp\/v2\/tags?post=14223"}],"curies":[{"name":"wp","href":"https:\/\/api.w.org\/{rel}","templated":true}]}}