{"id":14216,"date":"2023-04-12T12:52:44","date_gmt":"2023-04-12T10:52:44","guid":{"rendered":"https:\/\/agora.xtec.cat\/ceip-jruyra-l-h\/?p=14216"},"modified":"2023-04-12T12:52:44","modified_gmt":"2023-04-12T10:52:44","slug":"canviem-el-nostre-barri","status":"publish","type":"post","link":"https:\/\/agora.xtec.cat\/ceip-jruyra-l-h\/general\/canviem-el-nostre-barri\/","title":{"rendered":"Canviem el nostre barri!"},"content":{"rendered":"<p>Els i les alumnes de 6\u00e8 han participat en el taller per a dissenyar una pla\u00e7a i reflexionar sobre com ens agradaria que fos aquest espai. A m\u00e9s a m\u00e9s, hem apr\u00e8s a plantar diferents llavors i plantes.<\/p>\n<p>Aquesta proposta els va motivar molt, perqu\u00e8 maluradament el nostre barri pateix una manca d\u2019espai verd i tenen moltes ganes de participar en la seva transformaci\u00f3 l\u00fadica i sostenible.<\/p>\n<p><img loading=\"lazy\" decoding=\"async\" src=\"https:\/\/agora.xtec.cat\/ceip-jruyra-l-h\/wp-content\/uploads\/usu2049\/2023\/04\/A817AB92-ED0D-45FF-9874-46ACF41E1C0D-1024x768.jpeg\" alt=\"\" width=\"1024\" height=\"768\" \/> <img loading=\"lazy\" decoding=\"async\" class=\"aligncenter size-large wp-image-14218\" src=\"https:\/\/agora.xtec.cat\/ceip-jruyra-l-h\/wp-content\/uploads\/usu2049\/2023\/04\/6A4C55A0-16B5-4A08-BA48-2162A16F81EE-1024x768.jpeg\" alt=\"\" width=\"1024\" height=\"768\" srcset=\"https:\/\/agora.xtec.cat\/ceip-jruyra-l-h\/wp-content\/uploads\/usu2049\/2023\/04\/6A4C55A0-16B5-4A08-BA48-2162A16F81EE-1024x768.jpeg 1024w, https:\/\/agora.xtec.cat\/ceip-jruyra-l-h\/wp-content\/uploads\/usu2049\/2023\/04\/6A4C55A0-16B5-4A08-BA48-2162A16F81EE-300x225.jpeg 300w, https:\/\/agora.xtec.cat\/ceip-jruyra-l-h\/wp-content\/uploads\/usu2049\/2023\/04\/6A4C55A0-16B5-4A08-BA48-2162A16F81EE-768x576.jpeg 768w, https:\/\/agora.xtec.cat\/ceip-jruyra-l-h\/wp-content\/uploads\/usu2049\/2023\/04\/6A4C55A0-16B5-4A08-BA48-2162A16F81EE-1536x1152.jpeg 1536w, https:\/\/agora.xtec.cat\/ceip-jruyra-l-h\/wp-content\/uploads\/usu2049\/2023\/04\/6A4C55A0-16B5-4A08-BA48-2162A16F81EE-200x150.jpeg 200w, https:\/\/agora.xtec.cat\/ceip-jruyra-l-h\/wp-content\/uploads\/usu2049\/2023\/04\/6A4C55A0-16B5-4A08-BA48-2162A16F81EE.jpeg 2048w\" sizes=\"auto, (max-width: 1024px) 100vw, 1024px\" \/> <img loading=\"lazy\" decoding=\"async\" class=\"aligncenter size-large wp-image-14219\" src=\"https:\/\/agora.xtec.cat\/ceip-jruyra-l-h\/wp-content\/uploads\/usu2049\/2023\/04\/62E87DA3-B8D3-4DA7-8250-00820421B09D-576x768.jpeg\" alt=\"\" width=\"576\" height=\"768\" srcset=\"https:\/\/agora.xtec.cat\/ceip-jruyra-l-h\/wp-content\/uploads\/usu2049\/2023\/04\/62E87DA3-B8D3-4DA7-8250-00820421B09D-576x768.jpeg 576w, https:\/\/agora.xtec.cat\/ceip-jruyra-l-h\/wp-content\/uploads\/usu2049\/2023\/04\/62E87DA3-B8D3-4DA7-8250-00820421B09D-225x300.jpeg 225w, https:\/\/agora.xtec.cat\/ceip-jruyra-l-h\/wp-content\/uploads\/usu2049\/2023\/04\/62E87DA3-B8D3-4DA7-8250-00820421B09D-768x1024.jpeg 768w, https:\/\/agora.xtec.cat\/ceip-jruyra-l-h\/wp-content\/uploads\/usu2049\/2023\/04\/62E87DA3-B8D3-4DA7-8250-00820421B09D-1152x1536.jpeg 1152w, https:\/\/agora.xtec.cat\/ceip-jruyra-l-h\/wp-content\/uploads\/usu2049\/2023\/04\/62E87DA3-B8D3-4DA7-8250-00820421B09D.jpeg 1536w\" sizes=\"auto, (max-width: 576px) 100vw, 576px\" \/> <img loading=\"lazy\" decoding=\"async\" class=\"aligncenter size-large wp-image-14220\" src=\"https:\/\/agora.xtec.cat\/ceip-jruyra-l-h\/wp-content\/uploads\/usu2049\/2023\/04\/104746F3-97CB-4E8F-8883-359A673DF9AC-1024x768.jpeg\" alt=\"\" width=\"1024\" height=\"768\" srcset=\"https:\/\/agora.xtec.cat\/ceip-jruyra-l-h\/wp-content\/uploads\/usu2049\/2023\/04\/104746F3-97CB-4E8F-8883-359A673DF9AC-1024x768.jpeg 1024w, https:\/\/agora.xtec.cat\/ceip-jruyra-l-h\/wp-content\/uploads\/usu2049\/2023\/04\/104746F3-97CB-4E8F-8883-359A673DF9AC-300x225.jpeg 300w, https:\/\/agora.xtec.cat\/ceip-jruyra-l-h\/wp-content\/uploads\/usu2049\/2023\/04\/104746F3-97CB-4E8F-8883-359A673DF9AC-768x576.jpeg 768w, https:\/\/agora.xtec.cat\/ceip-jruyra-l-h\/wp-content\/uploads\/usu2049\/2023\/04\/104746F3-97CB-4E8F-8883-359A673DF9AC-1536x1152.jpeg 1536w, https:\/\/agora.xtec.cat\/ceip-jruyra-l-h\/wp-content\/uploads\/usu2049\/2023\/04\/104746F3-97CB-4E8F-8883-359A673DF9AC-200x150.jpeg 200w, https:\/\/agora.xtec.cat\/ceip-jruyra-l-h\/wp-content\/uploads\/usu2049\/2023\/04\/104746F3-97CB-4E8F-8883-359A673DF9AC.jpeg 2048w\" sizes=\"auto, (max-width: 1024px) 100vw, 1024px\" \/><\/p>\n","protected":false},"excerpt":{"rendered":"<p>Els i les alumnes de 6\u00e8 han participat en el taller per a dissenyar una pla\u00e7a i reflexionar sobre com ens agradaria que fos aquest espai. A m\u00e9s a m\u00e9s, hem apr\u00e8s a plantar diferents llavors i plantes.<br \/>\nAquesta proposta els va motivar molt, perqu\u00e8 maluradament&hellip;  <a href=\"https:\/\/agora.xtec.cat\/ceip-jruyra-l-h\/general\/canviem-el-nostre-barri\/\" title=\"Read Canviem el nostre barri!\">Llegeix m\u00e9s\u00bb<\/a><\/p>\n","protected":false},"author":23,"featured_media":14219,"comment_status":"open","ping_status":"closed","sticky":false,"template":"","format":"standard","meta":{"_bbp_topic_count":0,"_bbp_reply_count":0,"_bbp_total_topic_count":0,"_bbp_total_reply_count":0,"_bbp_voice_count":0,"_bbp_anonymous_reply_count":0,"_bbp_topic_count_hidden":0,"_bbp_reply_count_hidden":0,"_bbp_forum_subforum_count":0,"footnotes":""},"categories":[15,1],"tags":[],"class_list":["post-14216","post","type-post","status-publish","format-standard","has-post-thumbnail","hentry","category-6e","category-general"],"post_mailing_queue_ids":[],"_links":{"self":[{"href":"https:\/\/agora.xtec.cat\/ceip-jruyra-l-h\/wp-json\/wp\/v2\/posts\/14216","targetHints":{"allow":["GET"]}}],"collection":[{"href":"https:\/\/agora.xtec.cat\/ceip-jruyra-l-h\/wp-json\/wp\/v2\/posts"}],"about":[{"href":"https:\/\/agora.xtec.cat\/ceip-jruyra-l-h\/wp-json\/wp\/v2\/types\/post"}],"author":[{"embeddable":true,"href":"https:\/\/agora.xtec.cat\/ceip-jruyra-l-h\/wp-json\/wp\/v2\/users\/23"}],"replies":[{"embeddable":true,"href":"https:\/\/agora.xtec.cat\/ceip-jruyra-l-h\/wp-json\/wp\/v2\/comments?post=14216"}],"version-history":[{"count":2,"href":"https:\/\/agora.xtec.cat\/ceip-jruyra-l-h\/wp-json\/wp\/v2\/posts\/14216\/revisions"}],"predecessor-version":[{"id":14222,"href":"https:\/\/agora.xtec.cat\/ceip-jruyra-l-h\/wp-json\/wp\/v2\/posts\/14216\/revisions\/14222"}],"wp:featuredmedia":[{"embeddable":true,"href":"https:\/\/agora.xtec.cat\/ceip-jruyra-l-h\/wp-json\/wp\/v2\/media\/14219"}],"wp:attachment":[{"href":"https:\/\/agora.xtec.cat\/ceip-jruyra-l-h\/wp-json\/wp\/v2\/media?parent=14216"}],"wp:term":[{"taxonomy":"category","embeddable":true,"href":"https:\/\/agora.xtec.cat\/ceip-jruyra-l-h\/wp-json\/wp\/v2\/categories?post=14216"},{"taxonomy":"post_tag","embeddable":true,"href":"https:\/\/agora.xtec.cat\/ceip-jruyra-l-h\/wp-json\/wp\/v2\/tags?post=14216"}],"curies":[{"name":"wp","href":"https:\/\/api.w.org\/{rel}","templated":true}]}}