{"id":14210,"date":"2023-04-14T16:39:27","date_gmt":"2023-04-14T14:39:27","guid":{"rendered":"https:\/\/agora.xtec.cat\/ceip-jruyra-l-h\/?p=14210"},"modified":"2023-04-14T16:39:27","modified_gmt":"2023-04-14T14:39:27","slug":"a-i4-fem-la-mona","status":"publish","type":"post","link":"https:\/\/agora.xtec.cat\/ceip-jruyra-l-h\/infantil\/i4\/a-i4-fem-la-mona\/","title":{"rendered":"A I4 FEM LA MONA!"},"content":{"rendered":"<p><img loading=\"lazy\" decoding=\"async\" class=\"alignnone size-full wp-image-14211\" src=\"https:\/\/agora.xtec.cat\/ceip-jruyra-l-h\/wp-content\/uploads\/usu2049\/2023\/04\/depositphotos_148328015-stock-photo-mona-de-pascua-cake-eaten-1.jpg\" alt=\"\" width=\"300\" height=\"200\" \/><\/p>\n<p>Quan li vam treure la darrera cama a la vella Quaresma ens va portar a infantil els ingredients per fer la Mona de Pasqua. L\u2019\u00faltim dia del trimestre.<\/p>\n<p>Entre tots i totes vam anar posant la xocolata a totes les capes del pa de pessic, tothom esperava el seu torn amb molt d\u2019entusiasme i els va encantar embrutar-se les mans escampant tota la xocolata i no podien parar de llepar-se els dits!<\/p>\n<p>Tamb\u00e9 vam posar xocolata pels cantons, per deixar-la ben maca i llavors vam comen\u00e7ar a decorar-la amb t\u00f2pics de xocolata de colors entre tots i totes. Finalment, vam col\u00b7locar les plomes i el pollet i vam observar qu\u00e8 maca ens havia quedat!<\/p>\n<p>I va arribar el millor moment&#8230;menjar-la! Tothom va comen\u00e7ar a tastar-la amb moltes ganes i van repetir, perqu\u00e8 ens va quedar bon\u00edssima!<\/p>\n<p>Si voleu veure les imatges de com vam fer les mones a cada classe, cliqueu en les seg\u00fcents enlla\u00e7os:<\/p>\n<p>I4A Classe dels Llapis:\u00a0<a href=\"https:\/\/drive.google.com\/drive\/folders\/1gFiucotz2QRaqc0tVA_TOPWGHPAcSM30?usp=sharing\">https:\/\/drive.google.com\/drive\/folders\/1gFiucotz2QRaqc0tVA_TOPWGHPAcSM30?usp=sharing<\/a><\/p>\n<p>I4B Classe de les Paletes:\u00a0<a href=\"https:\/\/drive.google.com\/drive\/folders\/1Y1je1kXvenVJL9PCf1M6wsMeh2L3l_Ji?usp=sharing\">https:\/\/drive.google.com\/drive\/folders\/1Y1je1kXvenVJL9PCf1M6wsMeh2L3l_Ji?usp=sharing<\/a><\/p>\n","protected":false},"excerpt":{"rendered":"<p>Quan li vam treure la darrera cama a la vella Quaresma ens va portar a infantil els ingredients per fer la Mona de Pasqua. L\u2019\u00faltim dia del trimestre.<br \/>\nEntre tots i totes vam anar posant la xocolata a totes les capes del pa de pessic, tothom&hellip;  <a href=\"https:\/\/agora.xtec.cat\/ceip-jruyra-l-h\/infantil\/i4\/a-i4-fem-la-mona\/\" title=\"Read A I4 FEM LA MONA!\">Llegeix m\u00e9s\u00bb<\/a><\/p>\n","protected":false},"author":37,"featured_media":14211,"comment_status":"open","ping_status":"closed","sticky":false,"template":"","format":"standard","meta":{"_bbp_topic_count":0,"_bbp_reply_count":0,"_bbp_total_topic_count":0,"_bbp_total_reply_count":0,"_bbp_voice_count":0,"_bbp_anonymous_reply_count":0,"_bbp_topic_count_hidden":0,"_bbp_reply_count_hidden":0,"_bbp_forum_subforum_count":0,"footnotes":""},"categories":[8],"tags":[],"class_list":["post-14210","post","type-post","status-publish","format-standard","has-post-thumbnail","hentry","category-i4"],"post_mailing_queue_ids":[],"_links":{"self":[{"href":"https:\/\/agora.xtec.cat\/ceip-jruyra-l-h\/wp-json\/wp\/v2\/posts\/14210","targetHints":{"allow":["GET"]}}],"collection":[{"href":"https:\/\/agora.xtec.cat\/ceip-jruyra-l-h\/wp-json\/wp\/v2\/posts"}],"about":[{"href":"https:\/\/agora.xtec.cat\/ceip-jruyra-l-h\/wp-json\/wp\/v2\/types\/post"}],"author":[{"embeddable":true,"href":"https:\/\/agora.xtec.cat\/ceip-jruyra-l-h\/wp-json\/wp\/v2\/users\/37"}],"replies":[{"embeddable":true,"href":"https:\/\/agora.xtec.cat\/ceip-jruyra-l-h\/wp-json\/wp\/v2\/comments?post=14210"}],"version-history":[{"count":1,"href":"https:\/\/agora.xtec.cat\/ceip-jruyra-l-h\/wp-json\/wp\/v2\/posts\/14210\/revisions"}],"predecessor-version":[{"id":14212,"href":"https:\/\/agora.xtec.cat\/ceip-jruyra-l-h\/wp-json\/wp\/v2\/posts\/14210\/revisions\/14212"}],"wp:featuredmedia":[{"embeddable":true,"href":"https:\/\/agora.xtec.cat\/ceip-jruyra-l-h\/wp-json\/wp\/v2\/media\/14211"}],"wp:attachment":[{"href":"https:\/\/agora.xtec.cat\/ceip-jruyra-l-h\/wp-json\/wp\/v2\/media?parent=14210"}],"wp:term":[{"taxonomy":"category","embeddable":true,"href":"https:\/\/agora.xtec.cat\/ceip-jruyra-l-h\/wp-json\/wp\/v2\/categories?post=14210"},{"taxonomy":"post_tag","embeddable":true,"href":"https:\/\/agora.xtec.cat\/ceip-jruyra-l-h\/wp-json\/wp\/v2\/tags?post=14210"}],"curies":[{"name":"wp","href":"https:\/\/api.w.org\/{rel}","templated":true}]}}