{"id":14207,"date":"2023-04-14T16:39:52","date_gmt":"2023-04-14T14:39:52","guid":{"rendered":"https:\/\/agora.xtec.cat\/ceip-jruyra-l-h\/?p=14207"},"modified":"2023-04-14T16:39:52","modified_gmt":"2023-04-14T14:39:52","slug":"i4a-aniversaris-de-marc","status":"publish","type":"post","link":"https:\/\/agora.xtec.cat\/ceip-jruyra-l-h\/infantil\/i4\/i4a-aniversaris-de-marc\/","title":{"rendered":"I4A: Aniversaris de Mar\u00e7"},"content":{"rendered":"<p><img loading=\"lazy\" decoding=\"async\" class=\"alignnone size-large wp-image-14208\" src=\"https:\/\/agora.xtec.cat\/ceip-jruyra-l-h\/wp-content\/uploads\/usu2049\/2023\/04\/20230329_102451-576x768.jpg\" alt=\"\" width=\"576\" height=\"768\" srcset=\"https:\/\/agora.xtec.cat\/ceip-jruyra-l-h\/wp-content\/uploads\/usu2049\/2023\/04\/20230329_102451-576x768.jpg 576w, https:\/\/agora.xtec.cat\/ceip-jruyra-l-h\/wp-content\/uploads\/usu2049\/2023\/04\/20230329_102451-225x300.jpg 225w, https:\/\/agora.xtec.cat\/ceip-jruyra-l-h\/wp-content\/uploads\/usu2049\/2023\/04\/20230329_102451-768x1024.jpg 768w, https:\/\/agora.xtec.cat\/ceip-jruyra-l-h\/wp-content\/uploads\/usu2049\/2023\/04\/20230329_102451-1152x1536.jpg 1152w, https:\/\/agora.xtec.cat\/ceip-jruyra-l-h\/wp-content\/uploads\/usu2049\/2023\/04\/20230329_102451.jpg 1500w\" sizes=\"auto, (max-width: 576px) 100vw, 576px\" \/><\/p>\n<p>Aquest mes de Mar\u00e7 a la classe dels Llapis hem celebrat l\u2019aniversari de l\u2019Umaima! Ja en t\u00e9 5 anys!<\/p>\n<p>Molt entusiasmats i entusiasmades li vam fer la seva corona i ja podeu veure qu\u00e8 maca que estava amb ella i tan ben engalanada que s\u2019havia vestit per celebrar-lo!<\/p>\n<p>Li vam cantar la can\u00e7\u00f3 d\u2019aniversari i despr\u00e9s li vam fer un munt d\u2019abra\u00e7ades que li van encantar.<\/p>\n<p>L\u2019Umaima va compartir amb la classe un esmorzar ben dol\u00e7, va portar sucs i galetes per tothom i despr\u00e9s de quedar ben tips i tipes va comen\u00e7ar la sessi\u00f3 de m\u00fasica i dansa i vam gaudir d\u2019una festa d\u2019all\u00f2 m\u00e9s divertida plena de riures i bons moments entre amics i amigues per celebrar a l\u2019Umaima en el seu dia tan especial.<\/p>\n<p>Per veure les imatges d\u2019aquesta festa cliqueu en el seg\u00fcent enlla\u00e7:<a href=\"https:\/\/drive.google.com\/drive\/folders\/19Pb5eJ85P5nvgoMg8Lbx2sYZkrSvF3Ac?usp=sharing\">https:\/\/drive.google.com\/drive\/folders\/19Pb5eJ85P5nvgoMg8Lbx2sYZkrSvF3Ac?usp=sharing<\/a><\/p>\n","protected":false},"excerpt":{"rendered":"<p>Aquest mes de Mar\u00e7 a la classe dels Llapis hem celebrat l\u2019aniversari de l\u2019Umaima! Ja en t\u00e9 5 anys!<br \/>\nMolt entusiasmats i entusiasmades li vam fer la seva corona i ja podeu veure qu\u00e8 maca que estava amb ella i tan ben engalanada que s\u2019havia vestit&hellip;  <a href=\"https:\/\/agora.xtec.cat\/ceip-jruyra-l-h\/infantil\/i4\/i4a-aniversaris-de-marc\/\" title=\"Read I4A: Aniversaris de Mar\u00e7\">Llegeix m\u00e9s\u00bb<\/a><\/p>\n","protected":false},"author":37,"featured_media":14208,"comment_status":"open","ping_status":"closed","sticky":false,"template":"","format":"standard","meta":{"_bbp_topic_count":0,"_bbp_reply_count":0,"_bbp_total_topic_count":0,"_bbp_total_reply_count":0,"_bbp_voice_count":0,"_bbp_anonymous_reply_count":0,"_bbp_topic_count_hidden":0,"_bbp_reply_count_hidden":0,"_bbp_forum_subforum_count":0,"footnotes":""},"categories":[8],"tags":[],"class_list":["post-14207","post","type-post","status-publish","format-standard","has-post-thumbnail","hentry","category-i4"],"post_mailing_queue_ids":[],"_links":{"self":[{"href":"https:\/\/agora.xtec.cat\/ceip-jruyra-l-h\/wp-json\/wp\/v2\/posts\/14207","targetHints":{"allow":["GET"]}}],"collection":[{"href":"https:\/\/agora.xtec.cat\/ceip-jruyra-l-h\/wp-json\/wp\/v2\/posts"}],"about":[{"href":"https:\/\/agora.xtec.cat\/ceip-jruyra-l-h\/wp-json\/wp\/v2\/types\/post"}],"author":[{"embeddable":true,"href":"https:\/\/agora.xtec.cat\/ceip-jruyra-l-h\/wp-json\/wp\/v2\/users\/37"}],"replies":[{"embeddable":true,"href":"https:\/\/agora.xtec.cat\/ceip-jruyra-l-h\/wp-json\/wp\/v2\/comments?post=14207"}],"version-history":[{"count":1,"href":"https:\/\/agora.xtec.cat\/ceip-jruyra-l-h\/wp-json\/wp\/v2\/posts\/14207\/revisions"}],"predecessor-version":[{"id":14209,"href":"https:\/\/agora.xtec.cat\/ceip-jruyra-l-h\/wp-json\/wp\/v2\/posts\/14207\/revisions\/14209"}],"wp:featuredmedia":[{"embeddable":true,"href":"https:\/\/agora.xtec.cat\/ceip-jruyra-l-h\/wp-json\/wp\/v2\/media\/14208"}],"wp:attachment":[{"href":"https:\/\/agora.xtec.cat\/ceip-jruyra-l-h\/wp-json\/wp\/v2\/media?parent=14207"}],"wp:term":[{"taxonomy":"category","embeddable":true,"href":"https:\/\/agora.xtec.cat\/ceip-jruyra-l-h\/wp-json\/wp\/v2\/categories?post=14207"},{"taxonomy":"post_tag","embeddable":true,"href":"https:\/\/agora.xtec.cat\/ceip-jruyra-l-h\/wp-json\/wp\/v2\/tags?post=14207"}],"curies":[{"name":"wp","href":"https:\/\/api.w.org\/{rel}","templated":true}]}}