{"id":14204,"date":"2023-04-10T21:34:34","date_gmt":"2023-04-10T19:34:34","guid":{"rendered":"https:\/\/agora.xtec.cat\/ceip-jruyra-l-h\/?p=14204"},"modified":"2023-04-10T21:34:34","modified_gmt":"2023-04-10T19:34:34","slug":"i4b-aniversaris-de-marc","status":"publish","type":"post","link":"https:\/\/agora.xtec.cat\/ceip-jruyra-l-h\/infantil\/i4\/i4b-aniversaris-de-marc\/","title":{"rendered":"I4B: Aniversaris de Mar\u00e7"},"content":{"rendered":"<p><img loading=\"lazy\" decoding=\"async\" class=\"alignnone size-large wp-image-14205\" src=\"https:\/\/agora.xtec.cat\/ceip-jruyra-l-h\/wp-content\/uploads\/usu2049\/2023\/04\/20230330_152007-576x768.jpg\" alt=\"\" width=\"576\" height=\"768\" srcset=\"https:\/\/agora.xtec.cat\/ceip-jruyra-l-h\/wp-content\/uploads\/usu2049\/2023\/04\/20230330_152007-576x768.jpg 576w, https:\/\/agora.xtec.cat\/ceip-jruyra-l-h\/wp-content\/uploads\/usu2049\/2023\/04\/20230330_152007-225x300.jpg 225w, https:\/\/agora.xtec.cat\/ceip-jruyra-l-h\/wp-content\/uploads\/usu2049\/2023\/04\/20230330_152007-768x1024.jpg 768w, https:\/\/agora.xtec.cat\/ceip-jruyra-l-h\/wp-content\/uploads\/usu2049\/2023\/04\/20230330_152007-1152x1536.jpg 1152w, https:\/\/agora.xtec.cat\/ceip-jruyra-l-h\/wp-content\/uploads\/usu2049\/2023\/04\/20230330_152007-1536x2048.jpg 1536w, https:\/\/agora.xtec.cat\/ceip-jruyra-l-h\/wp-content\/uploads\/usu2049\/2023\/04\/20230330_152007.jpg 1734w\" sizes=\"auto, (max-width: 576px) 100vw, 576px\" \/><\/p>\n<p>Aquest mes de Mar\u00e7 a la classe de les Paletes hem celebrat l\u2019aniversari de l\u2019Amalia i de l\u2019Hargun. Elles ja estaven preparades per una bona festa i van venir ben engalanades per poder celebrar&#8230;qu\u00e8 maques que estaven!<\/p>\n<p>Primer van rebre la seva corona d\u2019aniversari i vam cantar la can\u00e7\u00f3 d\u2019aniversari que escoltaven molt atentes i contentes, per rebre despr\u00e9s una onada d\u2019abra\u00e7ades per part de tota la classe.<\/p>\n<p>Les dues van volen compartir amb els amics i amigues un berenar ben dol\u00e7 i van repartir sucs i galetes per tothom&#8230;no pod\u00edem esperar a comen\u00e7ar a menjar!<\/p>\n<p>Despr\u00e9s de quedar ben tips i tipes, es va obrir la pista de ball i tothom va comen\u00e7ar a ballar amb molta alegria per celebrar a l\u2019Amalia i l\u2019Hargun que ja han fet 5 anys!<\/p>\n<p>Una tarda ben divertida on van ballar i ens ho vam passar genial!<\/p>\n<p>Si voleu veure imatges i fotos d\u2019aquesta festa cliqueu en el seg\u00fcent enlla\u00e7:\u00a0<a href=\"https:\/\/drive.google.com\/drive\/folders\/1DZG9EMdyAymj1w8cfOZOTt1haa7qGd14?usp=sharing\">https:\/\/drive.google.com\/drive\/folders\/1DZG9EMdyAymj1w8cfOZOTt1haa7qGd14?usp=sharing<\/a><\/p>\n","protected":false},"excerpt":{"rendered":"<p>Aquest mes de Mar\u00e7 a la classe de les Paletes hem celebrat l\u2019aniversari de l\u2019Amalia i de l\u2019Hargun. Elles ja estaven preparades per una bona festa i van venir ben engalanades per poder celebrar&#8230;qu\u00e8 maques que estaven!<br \/>\nPrimer van rebre la seva corona d\u2019aniversari i vam&hellip;  <a href=\"https:\/\/agora.xtec.cat\/ceip-jruyra-l-h\/infantil\/i4\/i4b-aniversaris-de-marc\/\" title=\"Read I4B: Aniversaris de Mar\u00e7\">Llegeix m\u00e9s\u00bb<\/a><\/p>\n","protected":false},"author":37,"featured_media":14205,"comment_status":"open","ping_status":"closed","sticky":false,"template":"","format":"standard","meta":{"_bbp_topic_count":0,"_bbp_reply_count":0,"_bbp_total_topic_count":0,"_bbp_total_reply_count":0,"_bbp_voice_count":0,"_bbp_anonymous_reply_count":0,"_bbp_topic_count_hidden":0,"_bbp_reply_count_hidden":0,"_bbp_forum_subforum_count":0,"footnotes":""},"categories":[8],"tags":[],"class_list":["post-14204","post","type-post","status-publish","format-standard","has-post-thumbnail","hentry","category-i4"],"post_mailing_queue_ids":[],"_links":{"self":[{"href":"https:\/\/agora.xtec.cat\/ceip-jruyra-l-h\/wp-json\/wp\/v2\/posts\/14204","targetHints":{"allow":["GET"]}}],"collection":[{"href":"https:\/\/agora.xtec.cat\/ceip-jruyra-l-h\/wp-json\/wp\/v2\/posts"}],"about":[{"href":"https:\/\/agora.xtec.cat\/ceip-jruyra-l-h\/wp-json\/wp\/v2\/types\/post"}],"author":[{"embeddable":true,"href":"https:\/\/agora.xtec.cat\/ceip-jruyra-l-h\/wp-json\/wp\/v2\/users\/37"}],"replies":[{"embeddable":true,"href":"https:\/\/agora.xtec.cat\/ceip-jruyra-l-h\/wp-json\/wp\/v2\/comments?post=14204"}],"version-history":[{"count":1,"href":"https:\/\/agora.xtec.cat\/ceip-jruyra-l-h\/wp-json\/wp\/v2\/posts\/14204\/revisions"}],"predecessor-version":[{"id":14206,"href":"https:\/\/agora.xtec.cat\/ceip-jruyra-l-h\/wp-json\/wp\/v2\/posts\/14204\/revisions\/14206"}],"wp:featuredmedia":[{"embeddable":true,"href":"https:\/\/agora.xtec.cat\/ceip-jruyra-l-h\/wp-json\/wp\/v2\/media\/14205"}],"wp:attachment":[{"href":"https:\/\/agora.xtec.cat\/ceip-jruyra-l-h\/wp-json\/wp\/v2\/media?parent=14204"}],"wp:term":[{"taxonomy":"category","embeddable":true,"href":"https:\/\/agora.xtec.cat\/ceip-jruyra-l-h\/wp-json\/wp\/v2\/categories?post=14204"},{"taxonomy":"post_tag","embeddable":true,"href":"https:\/\/agora.xtec.cat\/ceip-jruyra-l-h\/wp-json\/wp\/v2\/tags?post=14204"}],"curies":[{"name":"wp","href":"https:\/\/api.w.org\/{rel}","templated":true}]}}