{"id":14199,"date":"2023-04-09T00:10:22","date_gmt":"2023-04-08T22:10:22","guid":{"rendered":"https:\/\/agora.xtec.cat\/ceip-jruyra-l-h\/?p=14199"},"modified":"2023-04-09T00:10:22","modified_gmt":"2023-04-08T22:10:22","slug":"i3-celebrem-i-guarnim-la-mona-de-pasqua","status":"publish","type":"post","link":"https:\/\/agora.xtec.cat\/ceip-jruyra-l-h\/infantil\/i3\/i3-celebrem-i-guarnim-la-mona-de-pasqua\/","title":{"rendered":"I3: CELEBREM I GUARNIM LA MONA DE PASQUA"},"content":{"rendered":"<p>Hola a tota la comunitat del Ruyra!!<\/p>\n<p>La Mona \u00e9s un aliment t\u00edpic de la rebosteria espanyola i es prepara principalment a Catalunya, Murcia, Valencia, Arag\u00f3 i Castella la Manxa. Antigament simbolitzava la celebraci\u00f3 de les collites i es repartien els ous amb els amics i ve\u00efns de la comunitat o poblat. M\u00e9s endavant, aquesta tradici\u00f3 s\u2019ha anat modernitzant i s\u00f3n els padrins dels infants de la fam\u00edlia qui regalen aquest pastis tan t\u00edpic celebrant les vacances de primavera.<img loading=\"lazy\" decoding=\"async\" class=\"wp-image-14201 alignright\" src=\"https:\/\/agora.xtec.cat\/ceip-jruyra-l-h\/wp-content\/uploads\/usu2049\/2023\/04\/Mona-de-pasqua.jpg\" alt=\"\" width=\"122\" height=\"107\" srcset=\"https:\/\/agora.xtec.cat\/ceip-jruyra-l-h\/wp-content\/uploads\/usu2049\/2023\/04\/Mona-de-pasqua.jpg 320w, https:\/\/agora.xtec.cat\/ceip-jruyra-l-h\/wp-content\/uploads\/usu2049\/2023\/04\/Mona-de-pasqua-300x263.jpg 300w\" sizes=\"auto, (max-width: 122px) 100vw, 122px\" \/><\/p>\n<p>&nbsp;<\/p>\n<p>&nbsp;<\/p>\n<p><img loading=\"lazy\" decoding=\"async\" class=\"alignnone wp-image-14200\" src=\"https:\/\/agora.xtec.cat\/ceip-jruyra-l-h\/wp-content\/uploads\/usu2049\/2023\/04\/02-1024x768.jpg\" alt=\"\" width=\"306\" height=\"230\" srcset=\"https:\/\/agora.xtec.cat\/ceip-jruyra-l-h\/wp-content\/uploads\/usu2049\/2023\/04\/02-1024x768.jpg 1024w, https:\/\/agora.xtec.cat\/ceip-jruyra-l-h\/wp-content\/uploads\/usu2049\/2023\/04\/02-300x225.jpg 300w, https:\/\/agora.xtec.cat\/ceip-jruyra-l-h\/wp-content\/uploads\/usu2049\/2023\/04\/02-768x576.jpg 768w, https:\/\/agora.xtec.cat\/ceip-jruyra-l-h\/wp-content\/uploads\/usu2049\/2023\/04\/02-1536x1152.jpg 1536w, https:\/\/agora.xtec.cat\/ceip-jruyra-l-h\/wp-content\/uploads\/usu2049\/2023\/04\/02-2048x1536.jpg 2048w, https:\/\/agora.xtec.cat\/ceip-jruyra-l-h\/wp-content\/uploads\/usu2049\/2023\/04\/02-200x150.jpg 200w\" sizes=\"auto, (max-width: 306px) 100vw, 306px\" \/>\u00a0 <img loading=\"lazy\" decoding=\"async\" class=\"alignnone wp-image-14198\" src=\"https:\/\/agora.xtec.cat\/ceip-jruyra-l-h\/wp-content\/uploads\/usu2049\/2023\/04\/01-1024x768.jpg\" alt=\"\" width=\"306\" height=\"229\" srcset=\"https:\/\/agora.xtec.cat\/ceip-jruyra-l-h\/wp-content\/uploads\/usu2049\/2023\/04\/01-1024x768.jpg 1024w, https:\/\/agora.xtec.cat\/ceip-jruyra-l-h\/wp-content\/uploads\/usu2049\/2023\/04\/01-300x225.jpg 300w, https:\/\/agora.xtec.cat\/ceip-jruyra-l-h\/wp-content\/uploads\/usu2049\/2023\/04\/01-768x576.jpg 768w, https:\/\/agora.xtec.cat\/ceip-jruyra-l-h\/wp-content\/uploads\/usu2049\/2023\/04\/01-1536x1152.jpg 1536w, https:\/\/agora.xtec.cat\/ceip-jruyra-l-h\/wp-content\/uploads\/usu2049\/2023\/04\/01-2048x1536.jpg 2048w, https:\/\/agora.xtec.cat\/ceip-jruyra-l-h\/wp-content\/uploads\/usu2049\/2023\/04\/01-200x150.jpg 200w\" sizes=\"auto, (max-width: 306px) 100vw, 306px\" \/><\/p>\n<p>Al nivell d\u2019I3 vam guarnir i menjar la mona que ens va portar la vella quaresma a la classe. Estava bon\u00edssima i ho vam celebrar d\u2019all\u00f2 m\u00e9s b\u00e9. Ho voleu veure? Aqu\u00ed us deixem l\u2019enlla\u00e7 perqu\u00e8 ho veieu.<\/p>\n<p><a href=\"https:\/\/drive.google.com\/drive\/folders\/13BgBXd6L36sKnaPSljTii3MsztxEXS0-?usp=share_link\">https:\/\/drive.google.com\/drive\/folders\/13BgBXd6L36sKnaPSljTii3MsztxEXS0-?usp=share_link<\/a><\/p>\n<p>Gr\u00e0cies a totes les mestres que ho van celebrar amb nosaltres!!<\/p>\n","protected":false},"excerpt":{"rendered":"<p>Hola a tota la comunitat del Ruyra!!<br \/>\nLa Mona \u00e9s un aliment t\u00edpic de la rebosteria espanyola i es prepara principalment a Catalunya, Murcia, Valencia, Arag\u00f3 i Castella la Manxa. Antigament simbolitzava la celebraci\u00f3 de les collites i es repartien els ous amb els amics i&hellip;  <a href=\"https:\/\/agora.xtec.cat\/ceip-jruyra-l-h\/infantil\/i3\/i3-celebrem-i-guarnim-la-mona-de-pasqua\/\" title=\"Read I3: CELEBREM I GUARNIM LA MONA DE PASQUA\">Llegeix m\u00e9s\u00bb<\/a><\/p>\n","protected":false},"author":1,"featured_media":14201,"comment_status":"open","ping_status":"closed","sticky":false,"template":"","format":"standard","meta":{"_bbp_topic_count":0,"_bbp_reply_count":0,"_bbp_total_topic_count":0,"_bbp_total_reply_count":0,"_bbp_voice_count":0,"_bbp_anonymous_reply_count":0,"_bbp_topic_count_hidden":0,"_bbp_reply_count_hidden":0,"_bbp_forum_subforum_count":0,"footnotes":""},"categories":[3],"tags":[],"class_list":["post-14199","post","type-post","status-publish","format-standard","has-post-thumbnail","hentry","category-i3"],"post_mailing_queue_ids":[],"_links":{"self":[{"href":"https:\/\/agora.xtec.cat\/ceip-jruyra-l-h\/wp-json\/wp\/v2\/posts\/14199","targetHints":{"allow":["GET"]}}],"collection":[{"href":"https:\/\/agora.xtec.cat\/ceip-jruyra-l-h\/wp-json\/wp\/v2\/posts"}],"about":[{"href":"https:\/\/agora.xtec.cat\/ceip-jruyra-l-h\/wp-json\/wp\/v2\/types\/post"}],"author":[{"embeddable":true,"href":"https:\/\/agora.xtec.cat\/ceip-jruyra-l-h\/wp-json\/wp\/v2\/users\/1"}],"replies":[{"embeddable":true,"href":"https:\/\/agora.xtec.cat\/ceip-jruyra-l-h\/wp-json\/wp\/v2\/comments?post=14199"}],"version-history":[{"count":2,"href":"https:\/\/agora.xtec.cat\/ceip-jruyra-l-h\/wp-json\/wp\/v2\/posts\/14199\/revisions"}],"predecessor-version":[{"id":14203,"href":"https:\/\/agora.xtec.cat\/ceip-jruyra-l-h\/wp-json\/wp\/v2\/posts\/14199\/revisions\/14203"}],"wp:featuredmedia":[{"embeddable":true,"href":"https:\/\/agora.xtec.cat\/ceip-jruyra-l-h\/wp-json\/wp\/v2\/media\/14201"}],"wp:attachment":[{"href":"https:\/\/agora.xtec.cat\/ceip-jruyra-l-h\/wp-json\/wp\/v2\/media?parent=14199"}],"wp:term":[{"taxonomy":"category","embeddable":true,"href":"https:\/\/agora.xtec.cat\/ceip-jruyra-l-h\/wp-json\/wp\/v2\/categories?post=14199"},{"taxonomy":"post_tag","embeddable":true,"href":"https:\/\/agora.xtec.cat\/ceip-jruyra-l-h\/wp-json\/wp\/v2\/tags?post=14199"}],"curies":[{"name":"wp","href":"https:\/\/api.w.org\/{rel}","templated":true}]}}