{"id":14183,"date":"2023-04-01T13:36:35","date_gmt":"2023-04-01T11:36:35","guid":{"rendered":"https:\/\/agora.xtec.cat\/ceip-jruyra-l-h\/?p=14183"},"modified":"2023-03-29T13:44:13","modified_gmt":"2023-03-29T11:44:13","slug":"i3-hem-anat-a-la-biblioteca-tecla-sala","status":"publish","type":"post","link":"https:\/\/agora.xtec.cat\/ceip-jruyra-l-h\/infantil\/i3\/i3-hem-anat-a-la-biblioteca-tecla-sala\/","title":{"rendered":"I3: HEM ANAT A LA BIBLIOTECA TECLA SALA"},"content":{"rendered":"<p>Hola, fam\u00edlies!! La setmana passada les classes d&#8217;I3A (pinzells) i I3B (pintures) vam anar a la Biblioteca Tecla Sala. Va ser la seva primera sortida pels m\u00e9s petits i tota una aventura. La M\u00f2nica (Bibliotec\u00e0ria) ens va ensenyar la secci\u00f3 infantil i tamb\u00e9 ens va explicar uns contes molt divertits. Els infants van poder mirar contes molt interessants durant molta estona. Despr\u00e9s vam anar a esmorzar a fora que feia un dia molt bonic.<\/p>\n<p><img loading=\"lazy\" decoding=\"async\" class=\"alignnone wp-image-14180\" src=\"https:\/\/agora.xtec.cat\/ceip-jruyra-l-h\/wp-content\/uploads\/usu2049\/2023\/03\/3-576x768.jpg\" alt=\"\" width=\"373\" height=\"498\" srcset=\"https:\/\/agora.xtec.cat\/ceip-jruyra-l-h\/wp-content\/uploads\/usu2049\/2023\/03\/3-576x768.jpg 576w, https:\/\/agora.xtec.cat\/ceip-jruyra-l-h\/wp-content\/uploads\/usu2049\/2023\/03\/3-225x300.jpg 225w, https:\/\/agora.xtec.cat\/ceip-jruyra-l-h\/wp-content\/uploads\/usu2049\/2023\/03\/3-768x1024.jpg 768w, https:\/\/agora.xtec.cat\/ceip-jruyra-l-h\/wp-content\/uploads\/usu2049\/2023\/03\/3-1152x1536.jpg 1152w, https:\/\/agora.xtec.cat\/ceip-jruyra-l-h\/wp-content\/uploads\/usu2049\/2023\/03\/3.jpg 1536w\" sizes=\"auto, (max-width: 373px) 100vw, 373px\" \/>\u00a0 \u00a0 \u00a0 \u00a0\u00a0 <img loading=\"lazy\" decoding=\"async\" class=\"alignnone wp-image-14179\" src=\"https:\/\/agora.xtec.cat\/ceip-jruyra-l-h\/wp-content\/uploads\/usu2049\/2023\/03\/2-2-346x768.jpg\" alt=\"\" width=\"241\" height=\"535\" srcset=\"https:\/\/agora.xtec.cat\/ceip-jruyra-l-h\/wp-content\/uploads\/usu2049\/2023\/03\/2-2-346x768.jpg 346w, https:\/\/agora.xtec.cat\/ceip-jruyra-l-h\/wp-content\/uploads\/usu2049\/2023\/03\/2-2-135x300.jpg 135w, https:\/\/agora.xtec.cat\/ceip-jruyra-l-h\/wp-content\/uploads\/usu2049\/2023\/03\/2-2.jpg 576w\" sizes=\"auto, (max-width: 241px) 100vw, 241px\" \/><\/p>\n<p><img loading=\"lazy\" decoding=\"async\" class=\"alignnone wp-image-14178\" src=\"https:\/\/agora.xtec.cat\/ceip-jruyra-l-h\/wp-content\/uploads\/usu2049\/2023\/03\/1-4-1024x461.jpg\" alt=\"\" width=\"654\" height=\"294\" srcset=\"https:\/\/agora.xtec.cat\/ceip-jruyra-l-h\/wp-content\/uploads\/usu2049\/2023\/03\/1-4-1024x461.jpg 1024w, https:\/\/agora.xtec.cat\/ceip-jruyra-l-h\/wp-content\/uploads\/usu2049\/2023\/03\/1-4-300x135.jpg 300w, https:\/\/agora.xtec.cat\/ceip-jruyra-l-h\/wp-content\/uploads\/usu2049\/2023\/03\/1-4-768x346.jpg 768w, https:\/\/agora.xtec.cat\/ceip-jruyra-l-h\/wp-content\/uploads\/usu2049\/2023\/03\/1-4.jpg 1280w\" sizes=\"auto, (max-width: 654px) 100vw, 654px\" \/><\/p>\n<p>Ho voleu veure? Aqu\u00ed us deixem l\u2019enlla\u00e7 per veure les fotos. Gr\u00e0cies als familiars voluntaris que ens van acompanyar perqu\u00e8 ens van ajudar molt.<\/p>\n<p><a href=\"https:\/\/drive.google.com\/drive\/folders\/1IeEYKViSGnRkH-WT5KHFVLf3NYvOAxFy?usp=share_link\">https:\/\/drive.google.com\/drive\/folders\/1IeEYKViSGnRkH-WT5KHFVLf3NYvOAxFy?usp=share_link<\/a><\/p>\n<p>&nbsp;<\/p>\n","protected":false},"excerpt":{"rendered":"<p>Hola, fam\u00edlies!! La setmana passada les classes d&#8217;I3A (pinzells) i I3B (pintures) vam anar a la Biblioteca Tecla Sala. Va ser la seva primera sortida pels m\u00e9s petits i tota una aventura. La M\u00f2nica (Bibliotec\u00e0ria) ens va ensenyar la secci\u00f3 infantil i tamb\u00e9 ens va&hellip;  <a href=\"https:\/\/agora.xtec.cat\/ceip-jruyra-l-h\/infantil\/i3\/i3-hem-anat-a-la-biblioteca-tecla-sala\/\" title=\"Read I3: HEM ANAT A LA BIBLIOTECA TECLA SALA\">Llegeix m\u00e9s\u00bb<\/a><\/p>\n","protected":false},"author":1,"featured_media":14179,"comment_status":"open","ping_status":"closed","sticky":false,"template":"","format":"standard","meta":{"_bbp_topic_count":0,"_bbp_reply_count":0,"_bbp_total_topic_count":0,"_bbp_total_reply_count":0,"_bbp_voice_count":0,"_bbp_anonymous_reply_count":0,"_bbp_topic_count_hidden":0,"_bbp_reply_count_hidden":0,"_bbp_forum_subforum_count":0,"footnotes":""},"categories":[3],"tags":[],"class_list":["post-14183","post","type-post","status-publish","format-standard","has-post-thumbnail","hentry","category-i3"],"post_mailing_queue_ids":[],"_links":{"self":[{"href":"https:\/\/agora.xtec.cat\/ceip-jruyra-l-h\/wp-json\/wp\/v2\/posts\/14183","targetHints":{"allow":["GET"]}}],"collection":[{"href":"https:\/\/agora.xtec.cat\/ceip-jruyra-l-h\/wp-json\/wp\/v2\/posts"}],"about":[{"href":"https:\/\/agora.xtec.cat\/ceip-jruyra-l-h\/wp-json\/wp\/v2\/types\/post"}],"author":[{"embeddable":true,"href":"https:\/\/agora.xtec.cat\/ceip-jruyra-l-h\/wp-json\/wp\/v2\/users\/1"}],"replies":[{"embeddable":true,"href":"https:\/\/agora.xtec.cat\/ceip-jruyra-l-h\/wp-json\/wp\/v2\/comments?post=14183"}],"version-history":[{"count":3,"href":"https:\/\/agora.xtec.cat\/ceip-jruyra-l-h\/wp-json\/wp\/v2\/posts\/14183\/revisions"}],"predecessor-version":[{"id":14186,"href":"https:\/\/agora.xtec.cat\/ceip-jruyra-l-h\/wp-json\/wp\/v2\/posts\/14183\/revisions\/14186"}],"wp:featuredmedia":[{"embeddable":true,"href":"https:\/\/agora.xtec.cat\/ceip-jruyra-l-h\/wp-json\/wp\/v2\/media\/14179"}],"wp:attachment":[{"href":"https:\/\/agora.xtec.cat\/ceip-jruyra-l-h\/wp-json\/wp\/v2\/media?parent=14183"}],"wp:term":[{"taxonomy":"category","embeddable":true,"href":"https:\/\/agora.xtec.cat\/ceip-jruyra-l-h\/wp-json\/wp\/v2\/categories?post=14183"},{"taxonomy":"post_tag","embeddable":true,"href":"https:\/\/agora.xtec.cat\/ceip-jruyra-l-h\/wp-json\/wp\/v2\/tags?post=14183"}],"curies":[{"name":"wp","href":"https:\/\/api.w.org\/{rel}","templated":true}]}}