{"id":14141,"date":"2023-03-17T13:37:03","date_gmt":"2023-03-17T12:37:03","guid":{"rendered":"https:\/\/agora.xtec.cat\/ceip-jruyra-l-h\/?p=14141"},"modified":"2023-03-25T09:00:51","modified_gmt":"2023-03-25T08:00:51","slug":"quarta-setmana-de-la-vella-quaresma","status":"publish","type":"post","link":"https:\/\/agora.xtec.cat\/ceip-jruyra-l-h\/infantil\/quarta-setmana-de-la-vella-quaresma\/","title":{"rendered":"QUARTA SETMANA DE LA VELLA QUARESMA!!"},"content":{"rendered":"<p><img loading=\"lazy\" decoding=\"async\" class=\"aligncenter\" src=\"https:\/\/i0.wp.com\/cookslow.es\/wp-content\/uploads\/2019\/03\/vella-cuaresma.jpg?fit=1024%2C1100&amp;ssl=1\" alt=\"Cuaresma - Cook Slow\" width=\"163\" height=\"175\" \/><\/p>\n<p>Una setmana m\u00e9s torna a ser divendres i com ja sabeu\u2026 alls infants d&#8217;infantil ens visita la vella Quaresma per veure si ja ens sabem b\u00e9 la seva can\u00e7\u00f3.<br \/>\nCada vegada camina m\u00e9s de pressa perqu\u00e8 ja no s\u2019entrebanca amb tantes cames.<\/p>\n<p>Ha arribat el moment de treure\u2019n una m\u00e9s\u2026 sabeu quantes cames li queden?<\/p>\n<p>Doncs si&#8230;li queden 3 cames!!!! Aquesta setmana els encarregats de treure-li una cama han estat els nens i nenes de I4 B, les paletes! I la Vella Quaresma els hi ha portat uns bon\u00edssims melindros.<\/p>\n<p>Us deixem a continuaci\u00f3 una mostra de fotografies i v\u00eddeos, esperem que els gaudiu!<\/p>\n<p><a href=\"https:\/\/drive.google.com\/drive\/folders\/1-2WrvQCYqNr4dfMfy1H9-DTTCr_bSFnx?usp=share_link\">https:\/\/drive.google.com\/drive\/folders\/1-2WrvQCYqNr4dfMfy1H9-DTTCr_bSFnx?usp=share_link<\/a><\/p>\n<p><img decoding=\"async\" src=\"http:\/\/agora.xtec.cat\/ceippaucasals\/wp-content\/uploads\/usu990\/2017\/03\/VELLA-QUARESMA-1024x724.jpg\" alt=\"LA VELLA QUARESMA | Educaci\u00f3 infantil\" \/><\/p>\n","protected":false},"excerpt":{"rendered":"<p>Una setmana m\u00e9s torna a ser divendres i com ja sabeu\u2026 alls infants d&#8217;infantil ens visita la vella Quaresma per veure si ja ens sabem b\u00e9 la seva can\u00e7\u00f3.<br \/>\nCada vegada camina m\u00e9s de pressa perqu\u00e8 ja no s\u2019entrebanca amb tantes cames.<br \/>\nHa arribat el moment de&hellip;  <a href=\"https:\/\/agora.xtec.cat\/ceip-jruyra-l-h\/infantil\/quarta-setmana-de-la-vella-quaresma\/\" title=\"Read QUARTA SETMANA DE LA VELLA QUARESMA!!\">Llegeix m\u00e9s\u00bb<\/a><\/p>\n","protected":false},"author":34,"featured_media":13935,"comment_status":"open","ping_status":"closed","sticky":false,"template":"","format":"standard","meta":{"_bbp_topic_count":0,"_bbp_reply_count":0,"_bbp_total_topic_count":0,"_bbp_total_reply_count":0,"_bbp_voice_count":0,"_bbp_anonymous_reply_count":0,"_bbp_topic_count_hidden":0,"_bbp_reply_count_hidden":0,"_bbp_forum_subforum_count":0,"footnotes":""},"categories":[2,3,8,9],"tags":[],"class_list":["post-14141","post","type-post","status-publish","format-standard","has-post-thumbnail","hentry","category-infantil","category-i3","category-i4","category-i5"],"post_mailing_queue_ids":[],"_links":{"self":[{"href":"https:\/\/agora.xtec.cat\/ceip-jruyra-l-h\/wp-json\/wp\/v2\/posts\/14141","targetHints":{"allow":["GET"]}}],"collection":[{"href":"https:\/\/agora.xtec.cat\/ceip-jruyra-l-h\/wp-json\/wp\/v2\/posts"}],"about":[{"href":"https:\/\/agora.xtec.cat\/ceip-jruyra-l-h\/wp-json\/wp\/v2\/types\/post"}],"author":[{"embeddable":true,"href":"https:\/\/agora.xtec.cat\/ceip-jruyra-l-h\/wp-json\/wp\/v2\/users\/34"}],"replies":[{"embeddable":true,"href":"https:\/\/agora.xtec.cat\/ceip-jruyra-l-h\/wp-json\/wp\/v2\/comments?post=14141"}],"version-history":[{"count":2,"href":"https:\/\/agora.xtec.cat\/ceip-jruyra-l-h\/wp-json\/wp\/v2\/posts\/14141\/revisions"}],"predecessor-version":[{"id":14159,"href":"https:\/\/agora.xtec.cat\/ceip-jruyra-l-h\/wp-json\/wp\/v2\/posts\/14141\/revisions\/14159"}],"wp:featuredmedia":[{"embeddable":true,"href":"https:\/\/agora.xtec.cat\/ceip-jruyra-l-h\/wp-json\/wp\/v2\/media\/13935"}],"wp:attachment":[{"href":"https:\/\/agora.xtec.cat\/ceip-jruyra-l-h\/wp-json\/wp\/v2\/media?parent=14141"}],"wp:term":[{"taxonomy":"category","embeddable":true,"href":"https:\/\/agora.xtec.cat\/ceip-jruyra-l-h\/wp-json\/wp\/v2\/categories?post=14141"},{"taxonomy":"post_tag","embeddable":true,"href":"https:\/\/agora.xtec.cat\/ceip-jruyra-l-h\/wp-json\/wp\/v2\/tags?post=14141"}],"curies":[{"name":"wp","href":"https:\/\/api.w.org\/{rel}","templated":true}]}}