{"id":14098,"date":"2023-03-24T13:36:25","date_gmt":"2023-03-24T12:36:25","guid":{"rendered":"https:\/\/agora.xtec.cat\/ceip-jruyra-l-h\/?p=14098"},"modified":"2023-03-23T13:40:17","modified_gmt":"2023-03-23T12:40:17","slug":"i3a-el-cap-de-setmana-de-la-romaisa-i-de-labdiel","status":"publish","type":"post","link":"https:\/\/agora.xtec.cat\/ceip-jruyra-l-h\/infantil\/i3\/i3a-el-cap-de-setmana-de-la-romaisa-i-de-labdiel\/","title":{"rendered":"I3A: EL CAP DE SETMANA DE LA ROMAISA I DE L\u2019ABDIEL"},"content":{"rendered":"<p>Hola a tothom!! La setmana passada els nostres companys de la classe dels pinzells, la Romaisa i l\u2019Abdiel ens van explicar el seu cap de setmana.<\/p>\n<p><img loading=\"lazy\" decoding=\"async\" class=\"alignnone wp-image-14099\" src=\"https:\/\/agora.xtec.cat\/ceip-jruyra-l-h\/wp-content\/uploads\/usu2049\/2023\/03\/1-2-576x768.jpg\" alt=\"\" width=\"343\" height=\"458\" srcset=\"https:\/\/agora.xtec.cat\/ceip-jruyra-l-h\/wp-content\/uploads\/usu2049\/2023\/03\/1-2-576x768.jpg 576w, https:\/\/agora.xtec.cat\/ceip-jruyra-l-h\/wp-content\/uploads\/usu2049\/2023\/03\/1-2-225x300.jpg 225w, https:\/\/agora.xtec.cat\/ceip-jruyra-l-h\/wp-content\/uploads\/usu2049\/2023\/03\/1-2-768x1024.jpg 768w, https:\/\/agora.xtec.cat\/ceip-jruyra-l-h\/wp-content\/uploads\/usu2049\/2023\/03\/1-2-1152x1536.jpg 1152w, https:\/\/agora.xtec.cat\/ceip-jruyra-l-h\/wp-content\/uploads\/usu2049\/2023\/03\/1-2-rotated.jpg 1254w\" sizes=\"auto, (max-width: 343px) 100vw, 343px\" \/> <img loading=\"lazy\" decoding=\"async\" class=\"alignnone wp-image-14100\" src=\"https:\/\/agora.xtec.cat\/ceip-jruyra-l-h\/wp-content\/uploads\/usu2049\/2023\/03\/1-3-576x768.jpg\" alt=\"\" width=\"342\" height=\"456\" srcset=\"https:\/\/agora.xtec.cat\/ceip-jruyra-l-h\/wp-content\/uploads\/usu2049\/2023\/03\/1-3-576x768.jpg 576w, https:\/\/agora.xtec.cat\/ceip-jruyra-l-h\/wp-content\/uploads\/usu2049\/2023\/03\/1-3-225x300.jpg 225w, https:\/\/agora.xtec.cat\/ceip-jruyra-l-h\/wp-content\/uploads\/usu2049\/2023\/03\/1-3-768x1024.jpg 768w, https:\/\/agora.xtec.cat\/ceip-jruyra-l-h\/wp-content\/uploads\/usu2049\/2023\/03\/1-3-1152x1536.jpg 1152w, https:\/\/agora.xtec.cat\/ceip-jruyra-l-h\/wp-content\/uploads\/usu2049\/2023\/03\/1-3-rotated.jpg 1254w\" sizes=\"auto, (max-width: 342px) 100vw, 342px\" \/><\/p>\n<p>La Romaisa ens va explicar que havia anat a comprar, a jugar al parc i tamb\u00e9 a casa seva. Aqu\u00ed us deixo l&#8217;enlla\u00e7 de les fotos i els v\u00eddeos.<\/p>\n<p><a href=\"https:\/\/drive.google.com\/drive\/folders\/1GUvqnmW4vYmez16ly7xAVNRWFutmqwvc?usp=share_link\">https:\/\/drive.google.com\/drive\/folders\/1GUvqnmW4vYmez16ly7xAVNRWFutmqwvc?usp=share_link<\/a><\/p>\n<p>L\u2019Abdiel ens va explicar que havia jugat a la bicicleta a casa i tamb\u00e9 havia anat al parc. Ho voleu veure? Aqu\u00ed us deixem l\u2019enlla\u00e7.<\/p>\n<p><a href=\"https:\/\/drive.google.com\/drive\/folders\/1v99UjltoX9AzKHTX-2VCahKAefUSPN7e?usp=share_link\">https:\/\/drive.google.com\/drive\/folders\/1v99UjltoX9AzKHTX-2VCahKAefUSPN7e?usp=share_link<\/a><\/p>\n<p>Gr\u00e0cies a les seves fam\u00edlies per la col\u00b7laboraci\u00f3.<\/p>\n","protected":false},"excerpt":{"rendered":"<p>Hola a tothom!! La setmana passada els nostres companys de la classe dels pinzells, la Romaisa i l\u2019Abdiel ens van explicar el seu cap de setmana.<\/p>\n<p>La Romaisa ens va explicar que havia anat a comprar, a jugar al parc i tamb\u00e9 a casa seva.&hellip;  <a href=\"https:\/\/agora.xtec.cat\/ceip-jruyra-l-h\/infantil\/i3\/i3a-el-cap-de-setmana-de-la-romaisa-i-de-labdiel\/\" title=\"Read I3A: EL CAP DE SETMANA DE LA ROMAISA I DE L\u2019ABDIEL\">Llegeix m\u00e9s\u00bb<\/a><\/p>\n","protected":false},"author":1,"featured_media":14099,"comment_status":"open","ping_status":"closed","sticky":false,"template":"","format":"standard","meta":{"_bbp_topic_count":0,"_bbp_reply_count":0,"_bbp_total_topic_count":0,"_bbp_total_reply_count":0,"_bbp_voice_count":0,"_bbp_anonymous_reply_count":0,"_bbp_topic_count_hidden":0,"_bbp_reply_count_hidden":0,"_bbp_forum_subforum_count":0,"footnotes":""},"categories":[3],"tags":[],"class_list":["post-14098","post","type-post","status-publish","format-standard","has-post-thumbnail","hentry","category-i3"],"post_mailing_queue_ids":[],"_links":{"self":[{"href":"https:\/\/agora.xtec.cat\/ceip-jruyra-l-h\/wp-json\/wp\/v2\/posts\/14098","targetHints":{"allow":["GET"]}}],"collection":[{"href":"https:\/\/agora.xtec.cat\/ceip-jruyra-l-h\/wp-json\/wp\/v2\/posts"}],"about":[{"href":"https:\/\/agora.xtec.cat\/ceip-jruyra-l-h\/wp-json\/wp\/v2\/types\/post"}],"author":[{"embeddable":true,"href":"https:\/\/agora.xtec.cat\/ceip-jruyra-l-h\/wp-json\/wp\/v2\/users\/1"}],"replies":[{"embeddable":true,"href":"https:\/\/agora.xtec.cat\/ceip-jruyra-l-h\/wp-json\/wp\/v2\/comments?post=14098"}],"version-history":[{"count":2,"href":"https:\/\/agora.xtec.cat\/ceip-jruyra-l-h\/wp-json\/wp\/v2\/posts\/14098\/revisions"}],"predecessor-version":[{"id":14150,"href":"https:\/\/agora.xtec.cat\/ceip-jruyra-l-h\/wp-json\/wp\/v2\/posts\/14098\/revisions\/14150"}],"wp:featuredmedia":[{"embeddable":true,"href":"https:\/\/agora.xtec.cat\/ceip-jruyra-l-h\/wp-json\/wp\/v2\/media\/14099"}],"wp:attachment":[{"href":"https:\/\/agora.xtec.cat\/ceip-jruyra-l-h\/wp-json\/wp\/v2\/media?parent=14098"}],"wp:term":[{"taxonomy":"category","embeddable":true,"href":"https:\/\/agora.xtec.cat\/ceip-jruyra-l-h\/wp-json\/wp\/v2\/categories?post=14098"},{"taxonomy":"post_tag","embeddable":true,"href":"https:\/\/agora.xtec.cat\/ceip-jruyra-l-h\/wp-json\/wp\/v2\/tags?post=14098"}],"curies":[{"name":"wp","href":"https:\/\/api.w.org\/{rel}","templated":true}]}}