{"id":14073,"date":"2023-03-10T11:17:37","date_gmt":"2023-03-10T10:17:37","guid":{"rendered":"https:\/\/agora.xtec.cat\/ceip-jruyra-l-h\/?p=14073"},"modified":"2023-03-10T11:17:37","modified_gmt":"2023-03-10T10:17:37","slug":"tercera-setmana-de-la-vella-quaresma-2","status":"publish","type":"post","link":"https:\/\/agora.xtec.cat\/ceip-jruyra-l-h\/general\/tercera-setmana-de-la-vella-quaresma-2\/","title":{"rendered":"TERCERA SETMANA DE LA VELLA QUARESMA!!"},"content":{"rendered":"<p><img loading=\"lazy\" decoding=\"async\" class=\"aligncenter\" src=\"https:\/\/i0.wp.com\/cookslow.es\/wp-content\/uploads\/2019\/03\/vella-cuaresma.jpg?fit=1024%2C1100&amp;ssl=1\" alt=\"Cuaresma - Cook Slow\" width=\"129\" height=\"138\" \/><\/p>\n<p>Hola families!<\/p>\n<p>Avui ja \u00e9s divendres i qu\u00e8 toca? Anar a veure a la Vella Quaresma i treure la tercera cama!! Ja li queden nom\u00e9s 4!<\/p>\n<p>Aquesta ja \u00e9s la tercera setmana que li traiem! Avui els hi ha tocat als alumnes de I4 A, els llapis!!\u00a0 I seguint les seves petjades hem trobat uns bastonets de pa ben bons!!\u00a0 Mireu, us ho ensenyem.<\/p>\n<p><a href=\"https:\/\/drive.google.com\/drive\/folders\/1-2EyhW4u2k4hLwptA9PSnHI0JuA5FuK3?usp=share_link\">https:\/\/drive.google.com\/drive\/folders\/1-2EyhW4u2k4hLwptA9PSnHI0JuA5FuK3?usp=share_link<\/a><\/p>\n","protected":false},"excerpt":{"rendered":"<p>Hola families!<br \/>\nAvui ja \u00e9s divendres i qu\u00e8 toca? Anar a veure a la Vella Quaresma i treure la tercera cama!! Ja li queden nom\u00e9s 4!<br \/>\nAquesta ja \u00e9s la tercera setmana que li traiem! Avui els hi ha tocat als alumnes de I4 A, els llapis!!\u00a0&hellip;  <a href=\"https:\/\/agora.xtec.cat\/ceip-jruyra-l-h\/general\/tercera-setmana-de-la-vella-quaresma-2\/\" title=\"Read TERCERA SETMANA DE LA VELLA QUARESMA!!\">Llegeix m\u00e9s\u00bb<\/a><\/p>\n","protected":false},"author":34,"featured_media":13935,"comment_status":"open","ping_status":"closed","sticky":false,"template":"","format":"standard","meta":{"_bbp_topic_count":0,"_bbp_reply_count":0,"_bbp_total_topic_count":0,"_bbp_total_reply_count":0,"_bbp_voice_count":0,"_bbp_anonymous_reply_count":0,"_bbp_topic_count_hidden":0,"_bbp_reply_count_hidden":0,"_bbp_forum_subforum_count":0,"footnotes":""},"categories":[1,2,3,8,9],"tags":[],"class_list":["post-14073","post","type-post","status-publish","format-standard","has-post-thumbnail","hentry","category-general","category-infantil","category-i3","category-i4","category-i5"],"post_mailing_queue_ids":[],"_links":{"self":[{"href":"https:\/\/agora.xtec.cat\/ceip-jruyra-l-h\/wp-json\/wp\/v2\/posts\/14073","targetHints":{"allow":["GET"]}}],"collection":[{"href":"https:\/\/agora.xtec.cat\/ceip-jruyra-l-h\/wp-json\/wp\/v2\/posts"}],"about":[{"href":"https:\/\/agora.xtec.cat\/ceip-jruyra-l-h\/wp-json\/wp\/v2\/types\/post"}],"author":[{"embeddable":true,"href":"https:\/\/agora.xtec.cat\/ceip-jruyra-l-h\/wp-json\/wp\/v2\/users\/34"}],"replies":[{"embeddable":true,"href":"https:\/\/agora.xtec.cat\/ceip-jruyra-l-h\/wp-json\/wp\/v2\/comments?post=14073"}],"version-history":[{"count":2,"href":"https:\/\/agora.xtec.cat\/ceip-jruyra-l-h\/wp-json\/wp\/v2\/posts\/14073\/revisions"}],"predecessor-version":[{"id":14075,"href":"https:\/\/agora.xtec.cat\/ceip-jruyra-l-h\/wp-json\/wp\/v2\/posts\/14073\/revisions\/14075"}],"wp:featuredmedia":[{"embeddable":true,"href":"https:\/\/agora.xtec.cat\/ceip-jruyra-l-h\/wp-json\/wp\/v2\/media\/13935"}],"wp:attachment":[{"href":"https:\/\/agora.xtec.cat\/ceip-jruyra-l-h\/wp-json\/wp\/v2\/media?parent=14073"}],"wp:term":[{"taxonomy":"category","embeddable":true,"href":"https:\/\/agora.xtec.cat\/ceip-jruyra-l-h\/wp-json\/wp\/v2\/categories?post=14073"},{"taxonomy":"post_tag","embeddable":true,"href":"https:\/\/agora.xtec.cat\/ceip-jruyra-l-h\/wp-json\/wp\/v2\/tags?post=14073"}],"curies":[{"name":"wp","href":"https:\/\/api.w.org\/{rel}","templated":true}]}}