{"id":14060,"date":"2023-03-08T16:28:04","date_gmt":"2023-03-08T15:28:04","guid":{"rendered":"https:\/\/agora.xtec.cat\/ceip-jruyra-l-h\/?p=14060"},"modified":"2023-03-08T16:28:04","modified_gmt":"2023-03-08T15:28:04","slug":"a-infantil-celebrem-el-dia-internacional-de-la-dona-2","status":"publish","type":"post","link":"https:\/\/agora.xtec.cat\/ceip-jruyra-l-h\/general\/a-infantil-celebrem-el-dia-internacional-de-la-dona-2\/","title":{"rendered":"A infantil celebrem el dia internacional de la dona"},"content":{"rendered":"<p><img loading=\"lazy\" decoding=\"async\" class=\"aligncenter\" src=\"https:\/\/esplai.fundesplai.org\/wp-content\/uploads\/sites\/40\/2021\/02\/Celebrem-Dia-Dona-_activitats_-fundesplai.jpg\" alt=\"Celebrem el dia de la dona - Fedesplai\" width=\"165\" height=\"120\" \/><\/p>\n<p>Com cada any el 8 de mar\u00e7 se celebra el Dia Internacional de la Dona, una jornada dedicada a les dones d\u2019arreu del m\u00f3n. Avui volem explicar-vos com va sortir aquesta festa, per\u00f2 tamb\u00e9 donar-vos algunes recomanacions perqu\u00e8 aquesta ocasi\u00f3 es converteix en una bona oportunitat per comen\u00e7ar a parlar de temes de g\u00e8nere amb els vostres fills i filles, a trav\u00e9s d\u2019exemples i d\u2019una\u00a0<a href=\"https:\/\/blog.kidsandus.es\/ca\/claus-per-posar-en-practica-leducacio-positiva-amb-nens-i-nenes?hsLang=ca\" target=\"_blank\" rel=\"noopener\">educaci\u00f3 positiva<\/a>.<\/p>\n<p>Abans de res, donem una ullada al passat:\u00a0sabeu per qu\u00e8 se celebra un dia en honor a les dones el 8 de mar\u00e7?\u00a0Probablement ja coneixeu la hist\u00f2ria de l\u2019incendi d\u2019una f\u00e0brica a Nova York el 1911, en el qual van perdre la vida m\u00e9s de 100 treballadores. No obstant aix\u00f2, aquesta no \u00e9s la ra\u00f3 per la qual celebrem aquest dia el 8 de mar\u00e7. Voleu descobrir-la? Som-hi!<\/p>\n<p>En primer lloc, volem fer un aclariment: tot i l\u2019\u00fas consolidat de l\u2019expressi\u00f3 \u201cfesta\u201d, m\u00e9s que una festa estem parlant d\u2019un\u00a0verdader Dia Internacional de la Dona, que t\u00e9 com a objectius prioritaris:<\/p>\n<ul>\n<li>Celebrar\u00a0<strong>tot el que han aconseguit<\/strong>\u00a0les dones.<\/li>\n<li><strong>Sensibilitzar<\/strong>\u00a0la poblaci\u00f3 sobre les desigualtats a qu\u00e8 s\u2019enfronten les dones.<\/li>\n<li>Promoure la\u00a0<strong>igualtat de g\u00e8nere<\/strong>\u00a0en tots els \u00e0mbits.<\/li>\n<\/ul>\n<p>Aquest Dia va n\u00e9ixer a principis del segle passat, quan moltes dones encara lluitaven per aconseguir el dret a vot.\u00a0No va fer fins al 1975 que les Nacions Unides va decidir celebrar un dia dedicar a les dones cada 8 de mar\u00e7\u00a0i dos anys despr\u00e9s es va establir el Dia de les Nacions Unides pels Drets de la Dona. Tot i els \u00e8xits aconseguits internacionalment en els \u00faltims 40 anys, encara queda molt per aconseguir la igualtat de g\u00e8nere i sensibilitzar la societat sobre aquest tema.<\/p>\n<p>El dimecres 8 de mar\u00e7 a educaci\u00f3 infantil vam realitzar diferents activitats per celebrar el <strong>DIA DE LA DONA.\u00a0<\/strong><\/p>\n<p><img loading=\"lazy\" decoding=\"async\" class=\"alignnone size-large wp-image-14061\" src=\"https:\/\/agora.xtec.cat\/ceip-jruyra-l-h\/wp-content\/uploads\/usu2049\/2023\/03\/image0-576x768.jpeg\" alt=\"\" width=\"576\" height=\"768\" srcset=\"https:\/\/agora.xtec.cat\/ceip-jruyra-l-h\/wp-content\/uploads\/usu2049\/2023\/03\/image0-576x768.jpeg 576w, https:\/\/agora.xtec.cat\/ceip-jruyra-l-h\/wp-content\/uploads\/usu2049\/2023\/03\/image0-225x300.jpeg 225w, https:\/\/agora.xtec.cat\/ceip-jruyra-l-h\/wp-content\/uploads\/usu2049\/2023\/03\/image0-768x1024.jpeg 768w, https:\/\/agora.xtec.cat\/ceip-jruyra-l-h\/wp-content\/uploads\/usu2049\/2023\/03\/image0-1152x1536.jpeg 1152w, https:\/\/agora.xtec.cat\/ceip-jruyra-l-h\/wp-content\/uploads\/usu2049\/2023\/03\/image0.jpeg 1536w\" sizes=\"auto, (max-width: 576px) 100vw, 576px\" \/><\/p>\n","protected":false},"excerpt":{"rendered":"<p>Com cada any el 8 de mar\u00e7 se celebra el Dia Internacional de la Dona, una jornada dedicada a les dones d\u2019arreu del m\u00f3n. Avui volem explicar-vos com va sortir aquesta festa, per\u00f2 tamb\u00e9 donar-vos algunes recomanacions perqu\u00e8 aquesta ocasi\u00f3 es converteix en una bona&hellip;  <a href=\"https:\/\/agora.xtec.cat\/ceip-jruyra-l-h\/general\/a-infantil-celebrem-el-dia-internacional-de-la-dona-2\/\" title=\"Read A infantil celebrem el dia internacional de la dona\">Llegeix m\u00e9s\u00bb<\/a><\/p>\n","protected":false},"author":34,"featured_media":14063,"comment_status":"open","ping_status":"closed","sticky":false,"template":"","format":"standard","meta":{"_bbp_topic_count":0,"_bbp_reply_count":0,"_bbp_total_topic_count":0,"_bbp_total_reply_count":0,"_bbp_voice_count":0,"_bbp_anonymous_reply_count":0,"_bbp_topic_count_hidden":0,"_bbp_reply_count_hidden":0,"_bbp_forum_subforum_count":0,"footnotes":""},"categories":[1,2,3,8,9],"tags":[],"class_list":["post-14060","post","type-post","status-publish","format-standard","has-post-thumbnail","hentry","category-general","category-infantil","category-i3","category-i4","category-i5"],"post_mailing_queue_ids":[],"_links":{"self":[{"href":"https:\/\/agora.xtec.cat\/ceip-jruyra-l-h\/wp-json\/wp\/v2\/posts\/14060","targetHints":{"allow":["GET"]}}],"collection":[{"href":"https:\/\/agora.xtec.cat\/ceip-jruyra-l-h\/wp-json\/wp\/v2\/posts"}],"about":[{"href":"https:\/\/agora.xtec.cat\/ceip-jruyra-l-h\/wp-json\/wp\/v2\/types\/post"}],"author":[{"embeddable":true,"href":"https:\/\/agora.xtec.cat\/ceip-jruyra-l-h\/wp-json\/wp\/v2\/users\/34"}],"replies":[{"embeddable":true,"href":"https:\/\/agora.xtec.cat\/ceip-jruyra-l-h\/wp-json\/wp\/v2\/comments?post=14060"}],"version-history":[{"count":1,"href":"https:\/\/agora.xtec.cat\/ceip-jruyra-l-h\/wp-json\/wp\/v2\/posts\/14060\/revisions"}],"predecessor-version":[{"id":14062,"href":"https:\/\/agora.xtec.cat\/ceip-jruyra-l-h\/wp-json\/wp\/v2\/posts\/14060\/revisions\/14062"}],"wp:featuredmedia":[{"embeddable":true,"href":"https:\/\/agora.xtec.cat\/ceip-jruyra-l-h\/wp-json\/wp\/v2\/media\/14063"}],"wp:attachment":[{"href":"https:\/\/agora.xtec.cat\/ceip-jruyra-l-h\/wp-json\/wp\/v2\/media?parent=14060"}],"wp:term":[{"taxonomy":"category","embeddable":true,"href":"https:\/\/agora.xtec.cat\/ceip-jruyra-l-h\/wp-json\/wp\/v2\/categories?post=14060"},{"taxonomy":"post_tag","embeddable":true,"href":"https:\/\/agora.xtec.cat\/ceip-jruyra-l-h\/wp-json\/wp\/v2\/tags?post=14060"}],"curies":[{"name":"wp","href":"https:\/\/api.w.org\/{rel}","templated":true}]}}