{"id":14008,"date":"2023-03-09T07:22:02","date_gmt":"2023-03-09T06:22:02","guid":{"rendered":"https:\/\/agora.xtec.cat\/ceip-jruyra-l-h\/?p=14008"},"modified":"2023-03-09T18:25:00","modified_gmt":"2023-03-09T17:25:00","slug":"p4-celebra-el-carnaval","status":"publish","type":"post","link":"https:\/\/agora.xtec.cat\/ceip-jruyra-l-h\/infantil\/i4\/p4-celebra-el-carnaval\/","title":{"rendered":"P4 Celebra el CARNAVAL!"},"content":{"rendered":"<p><img loading=\"lazy\" decoding=\"async\" class=\"alignnone size-full wp-image-14009\" src=\"https:\/\/agora.xtec.cat\/ceip-jruyra-l-h\/wp-content\/uploads\/usu2049\/2023\/03\/carnaval.jpg\" alt=\"\" width=\"324\" height=\"180\" srcset=\"https:\/\/agora.xtec.cat\/ceip-jruyra-l-h\/wp-content\/uploads\/usu2049\/2023\/03\/carnaval.jpg 324w, https:\/\/agora.xtec.cat\/ceip-jruyra-l-h\/wp-content\/uploads\/usu2049\/2023\/03\/carnaval-300x167.jpg 300w\" sizes=\"auto, (max-width: 324px) 100vw, 324px\" \/><\/p>\n<p>Al febrer el rei Carnestoltes va arribar a l\u2019escola i ens va donar les consignes de tota la setmana de Carnaval: Dilluns cabells bojos, dimarts pijama, dimecres de color groc, dijous elegants i el divendres la gran festa amb la RUA DE CARNAVAL.<\/p>\n<p>Els nens i nenes de P4 van complir for\u00e7a b\u00e9 totes les consignes i els encantava visitar al Rei Carnestoltes que estava al vest\u00edbul de l\u2019escola; cada dia venien amb molta il\u00b7lusi\u00f3 amb les noves consignes i una de les activitats que m\u00e9s els ha agradat va ser fer la pr\u00f2pia disfressa per la Rua.<\/p>\n<p>Cada nen i cada nena va decorar una samarreta blanca amb taques i esquitxades de pintura ja que anirien de pintors i pintores. Hem fet uns barrets ben macos i a cada samarreta hem posat un lla\u00e7 a mode de bata de pintor\/a.<\/p>\n<p>El divendres va arribar el gran dia, el dia de la Rua, de lluir les disfresses i fer una bona festa pel carrer. Amb molta alegria i nerviosisme tots i totes es van posar les seves disfresses i van sortir al carrer a gaudir d\u2019aquesta festa ben orgullosos de les seves produccions.<\/p>\n<p>Agra\u00efm la participaci\u00f3 de les fam\u00edlies volunt\u00e0ries que ens han ajudat a crear totes les disfresses i a les que van ajudar a vestir els nens\/es i a vigilar a la rua de cada classe.<\/p>\n<p>Si voleu veure les imatges del Carnaval de P4 cliqueu en els seg\u00fcents enlla\u00e7os:<\/p>\n<p>P4A Classe dels Llapis:\u00a0<a href=\"https:\/\/drive.google.com\/drive\/folders\/1izMa_x-FudhN5CzIP5qIV5IlxkL-4xu5?usp=sharing\">https:\/\/drive.google.com\/drive\/folders\/1izMa_x-FudhN5CzIP5qIV5IlxkL-4xu5?usp=sharing<\/a><\/p>\n<p>P4B Classe de les Paletes:\u00a0<a href=\"https:\/\/drive.google.com\/drive\/folders\/1DtNjOW3YybUbh2QknEoM4w9h3v6JoGRq?usp=sharing\">https:\/\/drive.google.com\/drive\/folders\/1DtNjOW3YybUbh2QknEoM4w9h3v6JoGRq?usp=sharing<\/a><\/p>\n","protected":false},"excerpt":{"rendered":"<p>Al febrer el rei Carnestoltes va arribar a l\u2019escola i ens va donar les consignes de tota la setmana de Carnaval: Dilluns cabells bojos, dimarts pijama, dimecres de color groc, dijous elegants i el divendres la gran festa amb la RUA DE CARNAVAL.<br \/>\nEls nens i&hellip;  <a href=\"https:\/\/agora.xtec.cat\/ceip-jruyra-l-h\/infantil\/i4\/p4-celebra-el-carnaval\/\" title=\"Read P4 Celebra el CARNAVAL!\">Llegeix m\u00e9s\u00bb<\/a><\/p>\n","protected":false},"author":37,"featured_media":14009,"comment_status":"open","ping_status":"closed","sticky":false,"template":"","format":"standard","meta":{"_bbp_topic_count":0,"_bbp_reply_count":0,"_bbp_total_topic_count":0,"_bbp_total_reply_count":0,"_bbp_voice_count":0,"_bbp_anonymous_reply_count":0,"_bbp_topic_count_hidden":0,"_bbp_reply_count_hidden":0,"_bbp_forum_subforum_count":0,"footnotes":""},"categories":[8],"tags":[],"class_list":["post-14008","post","type-post","status-publish","format-standard","has-post-thumbnail","hentry","category-i4"],"post_mailing_queue_ids":[],"_links":{"self":[{"href":"https:\/\/agora.xtec.cat\/ceip-jruyra-l-h\/wp-json\/wp\/v2\/posts\/14008","targetHints":{"allow":["GET"]}}],"collection":[{"href":"https:\/\/agora.xtec.cat\/ceip-jruyra-l-h\/wp-json\/wp\/v2\/posts"}],"about":[{"href":"https:\/\/agora.xtec.cat\/ceip-jruyra-l-h\/wp-json\/wp\/v2\/types\/post"}],"author":[{"embeddable":true,"href":"https:\/\/agora.xtec.cat\/ceip-jruyra-l-h\/wp-json\/wp\/v2\/users\/37"}],"replies":[{"embeddable":true,"href":"https:\/\/agora.xtec.cat\/ceip-jruyra-l-h\/wp-json\/wp\/v2\/comments?post=14008"}],"version-history":[{"count":1,"href":"https:\/\/agora.xtec.cat\/ceip-jruyra-l-h\/wp-json\/wp\/v2\/posts\/14008\/revisions"}],"predecessor-version":[{"id":14010,"href":"https:\/\/agora.xtec.cat\/ceip-jruyra-l-h\/wp-json\/wp\/v2\/posts\/14008\/revisions\/14010"}],"wp:featuredmedia":[{"embeddable":true,"href":"https:\/\/agora.xtec.cat\/ceip-jruyra-l-h\/wp-json\/wp\/v2\/media\/14009"}],"wp:attachment":[{"href":"https:\/\/agora.xtec.cat\/ceip-jruyra-l-h\/wp-json\/wp\/v2\/media?parent=14008"}],"wp:term":[{"taxonomy":"category","embeddable":true,"href":"https:\/\/agora.xtec.cat\/ceip-jruyra-l-h\/wp-json\/wp\/v2\/categories?post=14008"},{"taxonomy":"post_tag","embeddable":true,"href":"https:\/\/agora.xtec.cat\/ceip-jruyra-l-h\/wp-json\/wp\/v2\/tags?post=14008"}],"curies":[{"name":"wp","href":"https:\/\/api.w.org\/{rel}","templated":true}]}}