{"id":14003,"date":"2023-03-06T07:17:32","date_gmt":"2023-03-06T06:17:32","guid":{"rendered":"https:\/\/agora.xtec.cat\/ceip-jruyra-l-h\/?p=14003"},"modified":"2023-03-06T07:17:32","modified_gmt":"2023-03-06T06:17:32","slug":"p4-activitat-sensibilitzacio-mercat","status":"publish","type":"post","link":"https:\/\/agora.xtec.cat\/ceip-jruyra-l-h\/infantil\/i4\/p4-activitat-sensibilitzacio-mercat\/","title":{"rendered":"P4: Activitat sensibilitzaci\u00f3 Mercat"},"content":{"rendered":"<p><img loading=\"lazy\" decoding=\"async\" class=\"alignnone size-full wp-image-14006\" src=\"https:\/\/agora.xtec.cat\/ceip-jruyra-l-h\/wp-content\/uploads\/usu2049\/2023\/03\/mm.jpg\" alt=\"\" width=\"642\" height=\"394\" srcset=\"https:\/\/agora.xtec.cat\/ceip-jruyra-l-h\/wp-content\/uploads\/usu2049\/2023\/03\/mm.jpg 642w, https:\/\/agora.xtec.cat\/ceip-jruyra-l-h\/wp-content\/uploads\/usu2049\/2023\/03\/mm-300x184.jpg 300w\" sizes=\"auto, (max-width: 642px) 100vw, 642px\" \/><\/p>\n<p>A P4 hem realitzat una activitat per conscienciar-nos sobre els Mercats pr\u00f2xims dels barri i el tipus de consum que fem.<\/p>\n<p>Es va muntar a l\u2019aula un supermercat i parades del mercat com ara una fruiteria i una pastisseria. Hi havia un munt de productes i vam observar que al supermercat molts venen en pl\u00e0stics i al mercat no. Ens van conscienciar sobre la reducci\u00f3 de l\u2019\u00fas dels pl\u00e0stics a l\u2019hora d\u2019anar a comprar amb accions com anar m\u00e9s al mercat, portar les nostres pr\u00f2pies bosses, reutilitzar-les, escollir productes que no venien embalats i tamb\u00e9 vam aprendre sobre aliments saludables.<\/p>\n<p>Vam fer grups i cada grup va escollir diferents productes i despr\u00e9s vam posar en com\u00fa les seleccions i vam debatre sobre com pod\u00edem millorar cadascuna de les compres.<\/p>\n<p>Si voleu veure les imatges d\u2019aquesta activitat de sensibilitzaci\u00f3 cliqueu en els seg\u00fcents enlla\u00e7os:<\/p>\n<p>P4A Classe dels Llapis:\u00a0<a href=\"https:\/\/drive.google.com\/drive\/folders\/17R9IVbgIxb0eboQWIkyUWhChNawwuDQo?usp=sharing\">https:\/\/drive.google.com\/drive\/folders\/17R9IVbgIxb0eboQWIkyUWhChNawwuDQo?usp=sharing<\/a><\/p>\n<p>P4B Classe de les Paletes:\u00a0<a href=\"https:\/\/drive.google.com\/drive\/folders\/1hyb4NS_pXshWiDA4Mjn8umO1HaXI4y0q?usp=sharing\">https:\/\/drive.google.com\/drive\/folders\/1hyb4NS_pXshWiDA4Mjn8umO1HaXI4y0q?usp=sharing<\/a><\/p>\n","protected":false},"excerpt":{"rendered":"<p>A P4 hem realitzat una activitat per conscienciar-nos sobre els Mercats pr\u00f2xims dels barri i el tipus de consum que fem.<br \/>\nEs va muntar a l\u2019aula un supermercat i parades del mercat com ara una fruiteria i una pastisseria. Hi havia un munt de productes i&hellip;  <a href=\"https:\/\/agora.xtec.cat\/ceip-jruyra-l-h\/infantil\/i4\/p4-activitat-sensibilitzacio-mercat\/\" title=\"Read P4: Activitat sensibilitzaci\u00f3 Mercat\">Llegeix m\u00e9s\u00bb<\/a><\/p>\n","protected":false},"author":37,"featured_media":14006,"comment_status":"open","ping_status":"closed","sticky":false,"template":"","format":"standard","meta":{"_bbp_topic_count":0,"_bbp_reply_count":0,"_bbp_total_topic_count":0,"_bbp_total_reply_count":0,"_bbp_voice_count":0,"_bbp_anonymous_reply_count":0,"_bbp_topic_count_hidden":0,"_bbp_reply_count_hidden":0,"_bbp_forum_subforum_count":0,"footnotes":""},"categories":[8],"tags":[],"class_list":["post-14003","post","type-post","status-publish","format-standard","has-post-thumbnail","hentry","category-i4"],"post_mailing_queue_ids":[],"_links":{"self":[{"href":"https:\/\/agora.xtec.cat\/ceip-jruyra-l-h\/wp-json\/wp\/v2\/posts\/14003","targetHints":{"allow":["GET"]}}],"collection":[{"href":"https:\/\/agora.xtec.cat\/ceip-jruyra-l-h\/wp-json\/wp\/v2\/posts"}],"about":[{"href":"https:\/\/agora.xtec.cat\/ceip-jruyra-l-h\/wp-json\/wp\/v2\/types\/post"}],"author":[{"embeddable":true,"href":"https:\/\/agora.xtec.cat\/ceip-jruyra-l-h\/wp-json\/wp\/v2\/users\/37"}],"replies":[{"embeddable":true,"href":"https:\/\/agora.xtec.cat\/ceip-jruyra-l-h\/wp-json\/wp\/v2\/comments?post=14003"}],"version-history":[{"count":1,"href":"https:\/\/agora.xtec.cat\/ceip-jruyra-l-h\/wp-json\/wp\/v2\/posts\/14003\/revisions"}],"predecessor-version":[{"id":14007,"href":"https:\/\/agora.xtec.cat\/ceip-jruyra-l-h\/wp-json\/wp\/v2\/posts\/14003\/revisions\/14007"}],"wp:featuredmedia":[{"embeddable":true,"href":"https:\/\/agora.xtec.cat\/ceip-jruyra-l-h\/wp-json\/wp\/v2\/media\/14006"}],"wp:attachment":[{"href":"https:\/\/agora.xtec.cat\/ceip-jruyra-l-h\/wp-json\/wp\/v2\/media?parent=14003"}],"wp:term":[{"taxonomy":"category","embeddable":true,"href":"https:\/\/agora.xtec.cat\/ceip-jruyra-l-h\/wp-json\/wp\/v2\/categories?post=14003"},{"taxonomy":"post_tag","embeddable":true,"href":"https:\/\/agora.xtec.cat\/ceip-jruyra-l-h\/wp-json\/wp\/v2\/tags?post=14003"}],"curies":[{"name":"wp","href":"https:\/\/api.w.org\/{rel}","templated":true}]}}