{"id":13894,"date":"2023-02-23T19:45:16","date_gmt":"2023-02-23T18:45:16","guid":{"rendered":"https:\/\/agora.xtec.cat\/ceip-jruyra-l-h\/?p=13894"},"modified":"2023-02-21T19:47:58","modified_gmt":"2023-02-21T18:47:58","slug":"i3-dia-internacional-de-la-dona-i-nena-cientifica","status":"publish","type":"post","link":"https:\/\/agora.xtec.cat\/ceip-jruyra-l-h\/infantil\/i3\/i3-dia-internacional-de-la-dona-i-nena-cientifica\/","title":{"rendered":"I3: DIA INTERNACIONAL DE LA DONA I NENA CIENT\u00cdFICA"},"content":{"rendered":"<p>Hola fam\u00edlia Ruyra!! El dia internacional de la dona i la nena en la ci\u00e8ncia, va ser proclamat per l\u2019Assemblea General de Nacions Unides a l\u2019any 2015, i des de llavors la iniciativa ciutadana 11F coordina la realitzaci\u00f3 d\u2019activitats en relaci\u00f3 a l\u201911 de Febrer per commemorar la data. A partir d\u2019aquestes activitats es busca donar visualitzaci\u00f3 del rol de les dones investigadores, eliminar els estereotips de g\u00e8nere dins de l\u2019\u00e0mbit de la ci\u00e8ncia i la tecnologia, fomentar les vocacions cient\u00edfiques i tecnol\u00f2giques, promovent pr\u00e0ctiques que afavoreixin la igualtat de g\u00e8nere en aquest gremi.<\/p>\n<p><img loading=\"lazy\" decoding=\"async\" class=\"alignnone size-large wp-image-13895\" src=\"https:\/\/agora.xtec.cat\/ceip-jruyra-l-h\/wp-content\/uploads\/usu2049\/2023\/02\/1-1-1024x768.jpg\" alt=\"\" width=\"1024\" height=\"768\" srcset=\"https:\/\/agora.xtec.cat\/ceip-jruyra-l-h\/wp-content\/uploads\/usu2049\/2023\/02\/1-1-1024x768.jpg 1024w, https:\/\/agora.xtec.cat\/ceip-jruyra-l-h\/wp-content\/uploads\/usu2049\/2023\/02\/1-1-300x225.jpg 300w, https:\/\/agora.xtec.cat\/ceip-jruyra-l-h\/wp-content\/uploads\/usu2049\/2023\/02\/1-1-768x576.jpg 768w, https:\/\/agora.xtec.cat\/ceip-jruyra-l-h\/wp-content\/uploads\/usu2049\/2023\/02\/1-1-1536x1152.jpg 1536w, https:\/\/agora.xtec.cat\/ceip-jruyra-l-h\/wp-content\/uploads\/usu2049\/2023\/02\/1-1-200x150.jpg 200w, https:\/\/agora.xtec.cat\/ceip-jruyra-l-h\/wp-content\/uploads\/usu2049\/2023\/02\/1-1.jpg 1672w\" sizes=\"auto, (max-width: 1024px) 100vw, 1024px\" \/><\/p>\n<p><img loading=\"lazy\" decoding=\"async\" class=\"alignnone size-large wp-image-13896\" src=\"https:\/\/agora.xtec.cat\/ceip-jruyra-l-h\/wp-content\/uploads\/usu2049\/2023\/02\/15-1024x768.jpg\" alt=\"\" width=\"1024\" height=\"768\" srcset=\"https:\/\/agora.xtec.cat\/ceip-jruyra-l-h\/wp-content\/uploads\/usu2049\/2023\/02\/15-1024x768.jpg 1024w, https:\/\/agora.xtec.cat\/ceip-jruyra-l-h\/wp-content\/uploads\/usu2049\/2023\/02\/15-300x225.jpg 300w, https:\/\/agora.xtec.cat\/ceip-jruyra-l-h\/wp-content\/uploads\/usu2049\/2023\/02\/15-768x576.jpg 768w, https:\/\/agora.xtec.cat\/ceip-jruyra-l-h\/wp-content\/uploads\/usu2049\/2023\/02\/15-1536x1152.jpg 1536w, https:\/\/agora.xtec.cat\/ceip-jruyra-l-h\/wp-content\/uploads\/usu2049\/2023\/02\/15-200x150.jpg 200w, https:\/\/agora.xtec.cat\/ceip-jruyra-l-h\/wp-content\/uploads\/usu2049\/2023\/02\/15.jpg 2040w\" sizes=\"auto, (max-width: 1024px) 100vw, 1024px\" \/><\/p>\n<p>A les aules de EI3, vam posar el nostre granet de sorra per endinsar-nos en aquest tema. Els hi vam presentar a unes de les Vulcan\u00f2logues m\u00e9s conegudes del segle XX, la Katia Krafft, f\u00edsica i geoqu\u00edmica francesa que va estudiar i registrar les dades dels volcans en erupci\u00f3 durant els anys 70-80.<\/p>\n<p>Despr\u00e9s els hi vam mostrar un v\u00eddeo educatiu curt sobre com s\u00f3n i com s\u2019originen els volcans. La part m\u00e9s enriquidora va ser a l\u2019hora de posar en pr\u00e0ctica el nostre experiment: crear el nostre volc\u00e0 i provocar la reacci\u00f3 d\u2019erupci\u00f3.<\/p>\n<p><img loading=\"lazy\" decoding=\"async\" class=\"alignnone size-large wp-image-13897\" src=\"https:\/\/agora.xtec.cat\/ceip-jruyra-l-h\/wp-content\/uploads\/usu2049\/2023\/02\/22-576x768.jpg\" alt=\"\" width=\"576\" height=\"768\" srcset=\"https:\/\/agora.xtec.cat\/ceip-jruyra-l-h\/wp-content\/uploads\/usu2049\/2023\/02\/22-576x768.jpg 576w, https:\/\/agora.xtec.cat\/ceip-jruyra-l-h\/wp-content\/uploads\/usu2049\/2023\/02\/22-225x300.jpg 225w, https:\/\/agora.xtec.cat\/ceip-jruyra-l-h\/wp-content\/uploads\/usu2049\/2023\/02\/22-768x1024.jpg 768w, https:\/\/agora.xtec.cat\/ceip-jruyra-l-h\/wp-content\/uploads\/usu2049\/2023\/02\/22-1152x1536.jpg 1152w, https:\/\/agora.xtec.cat\/ceip-jruyra-l-h\/wp-content\/uploads\/usu2049\/2023\/02\/22.jpg 1530w\" sizes=\"auto, (max-width: 576px) 100vw, 576px\" \/><\/p>\n<p>Ho voleu veure? Aqu\u00ed us deixem un enlla\u00e7 per veure les imatges i els v\u00eddeos que vam fer. Desitgem que us agradi!!<\/p>\n<p><a href=\"https:\/\/drive.google.com\/drive\/folders\/1tjjsc7KiFXz1qezkSrZoSu9TEAUDAJge?usp=share_link\">https:\/\/drive.google.com\/drive\/folders\/1tjjsc7KiFXz1qezkSrZoSu9TEAUDAJge?usp=share_link<\/a><\/p>\n<p>&nbsp;<\/p>\n","protected":false},"excerpt":{"rendered":"<p>Hola fam\u00edlia Ruyra!! El dia internacional de la dona i la nena en la ci\u00e8ncia, va ser proclamat per l\u2019Assemblea General de Nacions Unides a l\u2019any 2015, i des de llavors la iniciativa ciutadana 11F coordina la realitzaci\u00f3 d\u2019activitats en relaci\u00f3 a l\u201911 de Febrer&hellip;  <a href=\"https:\/\/agora.xtec.cat\/ceip-jruyra-l-h\/infantil\/i3\/i3-dia-internacional-de-la-dona-i-nena-cientifica\/\" title=\"Read I3: DIA INTERNACIONAL DE LA DONA I NENA CIENT\u00cdFICA\">Llegeix m\u00e9s\u00bb<\/a><\/p>\n","protected":false},"author":1,"featured_media":13895,"comment_status":"open","ping_status":"closed","sticky":false,"template":"","format":"standard","meta":{"_bbp_topic_count":0,"_bbp_reply_count":0,"_bbp_total_topic_count":0,"_bbp_total_reply_count":0,"_bbp_voice_count":0,"_bbp_anonymous_reply_count":0,"_bbp_topic_count_hidden":0,"_bbp_reply_count_hidden":0,"_bbp_forum_subforum_count":0,"footnotes":""},"categories":[3],"tags":[],"class_list":["post-13894","post","type-post","status-publish","format-standard","has-post-thumbnail","hentry","category-i3"],"post_mailing_queue_ids":[],"_links":{"self":[{"href":"https:\/\/agora.xtec.cat\/ceip-jruyra-l-h\/wp-json\/wp\/v2\/posts\/13894","targetHints":{"allow":["GET"]}}],"collection":[{"href":"https:\/\/agora.xtec.cat\/ceip-jruyra-l-h\/wp-json\/wp\/v2\/posts"}],"about":[{"href":"https:\/\/agora.xtec.cat\/ceip-jruyra-l-h\/wp-json\/wp\/v2\/types\/post"}],"author":[{"embeddable":true,"href":"https:\/\/agora.xtec.cat\/ceip-jruyra-l-h\/wp-json\/wp\/v2\/users\/1"}],"replies":[{"embeddable":true,"href":"https:\/\/agora.xtec.cat\/ceip-jruyra-l-h\/wp-json\/wp\/v2\/comments?post=13894"}],"version-history":[{"count":2,"href":"https:\/\/agora.xtec.cat\/ceip-jruyra-l-h\/wp-json\/wp\/v2\/posts\/13894\/revisions"}],"predecessor-version":[{"id":13899,"href":"https:\/\/agora.xtec.cat\/ceip-jruyra-l-h\/wp-json\/wp\/v2\/posts\/13894\/revisions\/13899"}],"wp:featuredmedia":[{"embeddable":true,"href":"https:\/\/agora.xtec.cat\/ceip-jruyra-l-h\/wp-json\/wp\/v2\/media\/13895"}],"wp:attachment":[{"href":"https:\/\/agora.xtec.cat\/ceip-jruyra-l-h\/wp-json\/wp\/v2\/media?parent=13894"}],"wp:term":[{"taxonomy":"category","embeddable":true,"href":"https:\/\/agora.xtec.cat\/ceip-jruyra-l-h\/wp-json\/wp\/v2\/categories?post=13894"},{"taxonomy":"post_tag","embeddable":true,"href":"https:\/\/agora.xtec.cat\/ceip-jruyra-l-h\/wp-json\/wp\/v2\/tags?post=13894"}],"curies":[{"name":"wp","href":"https:\/\/api.w.org\/{rel}","templated":true}]}}