{"id":13802,"date":"2023-01-31T07:50:13","date_gmt":"2023-01-31T06:50:13","guid":{"rendered":"https:\/\/agora.xtec.cat\/ceip-jruyra-l-h\/?p=13802"},"modified":"2025-02-16T12:22:45","modified_gmt":"2025-02-16T11:22:45","slug":"a-5e-frankenstein-ens-ha-captivat","status":"publish","type":"post","link":"https:\/\/agora.xtec.cat\/ceip-jruyra-l-h\/general\/a-5e-frankenstein-ens-ha-captivat\/","title":{"rendered":"A 5\u00e8 Frankenstein ens ha captivat!"},"content":{"rendered":"<p lang=\"ca-ES\">Durant el primer trimestre, els alumnes de 5\u00e8 hem gaudit d\u2019un espectacular llibre, Frankenstein de l\u2019autora Mary Shelley. Despr\u00e9s de debatre\u2019l entre tots, vam arribar a la conclusi\u00f3 que \u00e9s un llibre de terror i un drama alhora.<\/p>\n<p lang=\"ca-ES\">Aquesta obra ens ha enganxat ja que \u00e9s molt intrigant i ens ha fet reflexionar sobre molts temes com l\u2019\u00e8tica, l\u2019empatia, l\u2019amor, la mort, el penediment\u2026.<\/p>\n<p lang=\"ca-ES\">Hem arribat a empatitzar amb els personatges principals I hem vist la seva evoluci\u00f3. Durant les tert\u00falies vam acordar que al monstre li dir\u00edem la \u201ccriatura\u201d I vam entendre que ell era tamb\u00e9 una v\u00edctima ja que les seves accions s\u00f3n la conseq\u00fc\u00e8ncia de las seves viv\u00e8ncies.<\/p>\n<p lang=\"ca-ES\">Aquesta sublim obra ens ha captivat!<\/p>\n<p lang=\"ca-ES\"><a href=\"https:\/\/drive.google.com\/drive\/folders\/1I_qGN-4CXaUTk6buexQaqCZO-qWf1P5_?usp=share_link\">Imatges Frankenstein<\/a><\/p>\n<p lang=\"ca-ES\">\n","protected":false},"excerpt":{"rendered":"<p>Durant el primer trimestre, els alumnes de 5\u00e8 hem gaudit d\u2019un espectacular llibre, Frankenstein de l\u2019autora Mary Shelley. Despr\u00e9s de debatre\u2019l entre tots, vam arribar a la conclusi\u00f3 que \u00e9s un llibre de terror i un drama alhora.<br \/>\nAquesta obra ens ha enganxat ja que \u00e9s&hellip;  <a href=\"https:\/\/agora.xtec.cat\/ceip-jruyra-l-h\/general\/a-5e-frankenstein-ens-ha-captivat\/\" title=\"Read A 5\u00e8 Frankenstein ens ha captivat!\">Llegeix m\u00e9s\u00bb<\/a><\/p>\n","protected":false},"author":41,"featured_media":13808,"comment_status":"open","ping_status":"closed","sticky":false,"template":"","format":"standard","meta":{"_bbp_topic_count":0,"_bbp_reply_count":0,"_bbp_total_topic_count":0,"_bbp_total_reply_count":0,"_bbp_voice_count":0,"_bbp_anonymous_reply_count":0,"_bbp_topic_count_hidden":0,"_bbp_reply_count_hidden":0,"_bbp_forum_subforum_count":0,"footnotes":""},"categories":[14,60,1,4],"tags":[71,83,63],"class_list":["post-13802","post","type-post","status-publish","format-standard","has-post-thumbnail","hentry","category-5e","category-cdaxarxa","category-general","category-portada","tag-actuacions-educatives-dexit","tag-comunitats-daprenentatge","tag-tertulies-dialogiques"],"post_mailing_queue_ids":[],"_links":{"self":[{"href":"https:\/\/agora.xtec.cat\/ceip-jruyra-l-h\/wp-json\/wp\/v2\/posts\/13802","targetHints":{"allow":["GET"]}}],"collection":[{"href":"https:\/\/agora.xtec.cat\/ceip-jruyra-l-h\/wp-json\/wp\/v2\/posts"}],"about":[{"href":"https:\/\/agora.xtec.cat\/ceip-jruyra-l-h\/wp-json\/wp\/v2\/types\/post"}],"author":[{"embeddable":true,"href":"https:\/\/agora.xtec.cat\/ceip-jruyra-l-h\/wp-json\/wp\/v2\/users\/41"}],"replies":[{"embeddable":true,"href":"https:\/\/agora.xtec.cat\/ceip-jruyra-l-h\/wp-json\/wp\/v2\/comments?post=13802"}],"version-history":[{"count":1,"href":"https:\/\/agora.xtec.cat\/ceip-jruyra-l-h\/wp-json\/wp\/v2\/posts\/13802\/revisions"}],"predecessor-version":[{"id":13807,"href":"https:\/\/agora.xtec.cat\/ceip-jruyra-l-h\/wp-json\/wp\/v2\/posts\/13802\/revisions\/13807"}],"wp:featuredmedia":[{"embeddable":true,"href":"https:\/\/agora.xtec.cat\/ceip-jruyra-l-h\/wp-json\/wp\/v2\/media\/13808"}],"wp:attachment":[{"href":"https:\/\/agora.xtec.cat\/ceip-jruyra-l-h\/wp-json\/wp\/v2\/media?parent=13802"}],"wp:term":[{"taxonomy":"category","embeddable":true,"href":"https:\/\/agora.xtec.cat\/ceip-jruyra-l-h\/wp-json\/wp\/v2\/categories?post=13802"},{"taxonomy":"post_tag","embeddable":true,"href":"https:\/\/agora.xtec.cat\/ceip-jruyra-l-h\/wp-json\/wp\/v2\/tags?post=13802"}],"curies":[{"name":"wp","href":"https:\/\/api.w.org\/{rel}","templated":true}]}}