{"id":13776,"date":"2023-01-29T09:28:36","date_gmt":"2023-01-29T08:28:36","guid":{"rendered":"https:\/\/agora.xtec.cat\/ceip-jruyra-l-h\/?p=13776"},"modified":"2023-01-29T09:28:36","modified_gmt":"2023-01-29T08:28:36","slug":"sortida-de-2on-a-la-fabrica-de-cacaolat","status":"publish","type":"post","link":"https:\/\/agora.xtec.cat\/ceip-jruyra-l-h\/primaria\/2n\/sortida-de-2on-a-la-fabrica-de-cacaolat\/","title":{"rendered":"Sortida de 2on a la f\u00e0brica de Cacaolat"},"content":{"rendered":"<p>El passat dimarts 24 de gener els alumnes de 2on vam anar de visita a la <strong>f\u00e0brica de Cacaolat.<\/strong><\/p>\n<p>All\u00e0 hem pogut con\u00e8ixer l&#8217;origen dels ingredients necessaris per fer aquesta beguda que tant ens agrada; la llet i el cacao. Tamb\u00e9 hem vist com envasen, quins tipus d&#8217;envasos utilitzen i com reciclen els vidres.<\/p>\n<p>Hem acabat la visita fent un tastet! I hem marxat amb un detallet!<\/p>\n<p><a href=\"https:\/\/drive.google.com\/drive\/folders\/1--4hQQT4sPBFjzlc3XI7mvQRvsVN15-x?usp=share_link\"><img loading=\"lazy\" decoding=\"async\" class=\"alignnone wp-image-13777 size-large\" src=\"https:\/\/agora.xtec.cat\/ceip-jruyra-l-h\/wp-content\/uploads\/usu2049\/2023\/01\/sortida-a-la-fabrica-de-cacaolat-1024x768.png\" alt=\"\" width=\"1024\" height=\"768\" srcset=\"https:\/\/agora.xtec.cat\/ceip-jruyra-l-h\/wp-content\/uploads\/usu2049\/2023\/01\/sortida-a-la-fabrica-de-cacaolat.png 1024w, https:\/\/agora.xtec.cat\/ceip-jruyra-l-h\/wp-content\/uploads\/usu2049\/2023\/01\/sortida-a-la-fabrica-de-cacaolat-300x225.png 300w, https:\/\/agora.xtec.cat\/ceip-jruyra-l-h\/wp-content\/uploads\/usu2049\/2023\/01\/sortida-a-la-fabrica-de-cacaolat-768x576.png 768w, https:\/\/agora.xtec.cat\/ceip-jruyra-l-h\/wp-content\/uploads\/usu2049\/2023\/01\/sortida-a-la-fabrica-de-cacaolat-200x150.png 200w\" sizes=\"auto, (max-width: 1024px) 100vw, 1024px\" \/><\/a>(Cliqueu damunt la imatge per veure totes les fotografies)<\/p>\n","protected":false},"excerpt":{"rendered":"<p>El passat dimarts 24 de gener els alumnes de 2on vam anar de visita a la f\u00e0brica de Cacaolat.<br \/>\nAll\u00e0 hem pogut con\u00e8ixer l&#8217;origen dels ingredients necessaris per fer aquesta beguda que tant ens agrada; la llet i el cacao. Tamb\u00e9 hem vist com envasen, quins&hellip;  <a href=\"https:\/\/agora.xtec.cat\/ceip-jruyra-l-h\/primaria\/2n\/sortida-de-2on-a-la-fabrica-de-cacaolat\/\" title=\"Read Sortida de 2on a la f\u00e0brica de Cacaolat\">Llegeix m\u00e9s\u00bb<\/a><\/p>\n","protected":false},"author":1,"featured_media":13777,"comment_status":"open","ping_status":"closed","sticky":false,"template":"","format":"standard","meta":{"_bbp_topic_count":0,"_bbp_reply_count":0,"_bbp_total_topic_count":0,"_bbp_total_reply_count":0,"_bbp_voice_count":0,"_bbp_anonymous_reply_count":0,"_bbp_topic_count_hidden":0,"_bbp_reply_count_hidden":0,"_bbp_forum_subforum_count":0,"footnotes":""},"categories":[11],"tags":[],"class_list":["post-13776","post","type-post","status-publish","format-standard","has-post-thumbnail","hentry","category-2n"],"post_mailing_queue_ids":[],"_links":{"self":[{"href":"https:\/\/agora.xtec.cat\/ceip-jruyra-l-h\/wp-json\/wp\/v2\/posts\/13776","targetHints":{"allow":["GET"]}}],"collection":[{"href":"https:\/\/agora.xtec.cat\/ceip-jruyra-l-h\/wp-json\/wp\/v2\/posts"}],"about":[{"href":"https:\/\/agora.xtec.cat\/ceip-jruyra-l-h\/wp-json\/wp\/v2\/types\/post"}],"author":[{"embeddable":true,"href":"https:\/\/agora.xtec.cat\/ceip-jruyra-l-h\/wp-json\/wp\/v2\/users\/1"}],"replies":[{"embeddable":true,"href":"https:\/\/agora.xtec.cat\/ceip-jruyra-l-h\/wp-json\/wp\/v2\/comments?post=13776"}],"version-history":[{"count":2,"href":"https:\/\/agora.xtec.cat\/ceip-jruyra-l-h\/wp-json\/wp\/v2\/posts\/13776\/revisions"}],"predecessor-version":[{"id":13779,"href":"https:\/\/agora.xtec.cat\/ceip-jruyra-l-h\/wp-json\/wp\/v2\/posts\/13776\/revisions\/13779"}],"wp:featuredmedia":[{"embeddable":true,"href":"https:\/\/agora.xtec.cat\/ceip-jruyra-l-h\/wp-json\/wp\/v2\/media\/13777"}],"wp:attachment":[{"href":"https:\/\/agora.xtec.cat\/ceip-jruyra-l-h\/wp-json\/wp\/v2\/media?parent=13776"}],"wp:term":[{"taxonomy":"category","embeddable":true,"href":"https:\/\/agora.xtec.cat\/ceip-jruyra-l-h\/wp-json\/wp\/v2\/categories?post=13776"},{"taxonomy":"post_tag","embeddable":true,"href":"https:\/\/agora.xtec.cat\/ceip-jruyra-l-h\/wp-json\/wp\/v2\/tags?post=13776"}],"curies":[{"name":"wp","href":"https:\/\/api.w.org\/{rel}","templated":true}]}}