{"id":13769,"date":"2023-01-27T11:04:53","date_gmt":"2023-01-27T10:04:53","guid":{"rendered":"https:\/\/agora.xtec.cat\/ceip-jruyra-l-h\/?p=13769"},"modified":"2025-02-16T12:22:45","modified_gmt":"2025-02-16T11:22:45","slug":"a-6e-hem-viatjat-al-centre-de-la-terra","status":"publish","type":"post","link":"https:\/\/agora.xtec.cat\/ceip-jruyra-l-h\/general\/a-6e-hem-viatjat-al-centre-de-la-terra\/","title":{"rendered":"A 6\u00e8 hem viatjat al centre de la Terra!!"},"content":{"rendered":"<p lang=\"ca-ES\">A 6\u00c8 HEM VIATJAT AL CENTRE DE LA TERRA!<\/p>\n<p lang=\"ca-ES\">A 6\u00e8 aquest trimestre hem llegit una fant\u00e0stica obra de ci\u00e8ncia ficci\u00f3, \u201cViatge al centre de la Terra\u201d de Julio Verne.<\/p>\n<p lang=\"ca-ES\">\u00c9s un llibre molt intens I entretingut, banyat d\u2019emocions I treball en equip. Ens ha fet reflexionar sobre la import\u00e0ncia de l\u2019esfor\u00e7 I el companyerisme.<\/p>\n<p lang=\"ca-ES\">Arran de la seva lectura, a les nostres tert\u00falies hem parlat sobre molts aspectes cient\u00edfics, com l\u2019evoluci\u00f3 dels coneixements sobre la Terra, la seva composici\u00f3\u2026 Tamb\u00e9 hem exposat les nostres idees sobre la possibilitat de viatjar al centre de la Terra, argumentant els nostres plantejaments.<\/p>\n<p lang=\"ca-ES\">D\u2019altra banda, ens ha evocat aspectes de les nostres vides com els viatges que hem fet, les nostres pors\u2026.<\/p>\n<p lang=\"ca-ES\">Aquesta meravell\u00f3s llibre ha sigut la millor aventura!<\/p>\n<p lang=\"ca-ES\"><img loading=\"lazy\" decoding=\"async\" class=\"alignnone size-large wp-image-13770\" src=\"https:\/\/agora.xtec.cat\/ceip-jruyra-l-h\/wp-content\/uploads\/usu2049\/2023\/01\/JV2-cimprimida-1024x768.jpg\" alt=\"\" width=\"1024\" height=\"768\" srcset=\"https:\/\/agora.xtec.cat\/ceip-jruyra-l-h\/wp-content\/uploads\/usu2049\/2023\/01\/JV2-cimprimida-1024x768.jpg 1024w, https:\/\/agora.xtec.cat\/ceip-jruyra-l-h\/wp-content\/uploads\/usu2049\/2023\/01\/JV2-cimprimida-300x225.jpg 300w, https:\/\/agora.xtec.cat\/ceip-jruyra-l-h\/wp-content\/uploads\/usu2049\/2023\/01\/JV2-cimprimida-768x576.jpg 768w, https:\/\/agora.xtec.cat\/ceip-jruyra-l-h\/wp-content\/uploads\/usu2049\/2023\/01\/JV2-cimprimida-1536x1152.jpg 1536w, https:\/\/agora.xtec.cat\/ceip-jruyra-l-h\/wp-content\/uploads\/usu2049\/2023\/01\/JV2-cimprimida-2048x1536.jpg 2048w, https:\/\/agora.xtec.cat\/ceip-jruyra-l-h\/wp-content\/uploads\/usu2049\/2023\/01\/JV2-cimprimida-200x150.jpg 200w\" sizes=\"auto, (max-width: 1024px) 100vw, 1024px\" \/><img loading=\"lazy\" decoding=\"async\" class=\"alignnone size-large wp-image-13772\" src=\"https:\/\/agora.xtec.cat\/ceip-jruyra-l-h\/wp-content\/uploads\/usu2049\/2023\/01\/JV3-comprimida-1-576x768.jpg\" alt=\"\" width=\"576\" height=\"768\" srcset=\"https:\/\/agora.xtec.cat\/ceip-jruyra-l-h\/wp-content\/uploads\/usu2049\/2023\/01\/JV3-comprimida-1-576x768.jpg 576w, https:\/\/agora.xtec.cat\/ceip-jruyra-l-h\/wp-content\/uploads\/usu2049\/2023\/01\/JV3-comprimida-1-225x300.jpg 225w, https:\/\/agora.xtec.cat\/ceip-jruyra-l-h\/wp-content\/uploads\/usu2049\/2023\/01\/JV3-comprimida-1-768x1024.jpg 768w, https:\/\/agora.xtec.cat\/ceip-jruyra-l-h\/wp-content\/uploads\/usu2049\/2023\/01\/JV3-comprimida-1-1152x1536.jpg 1152w, https:\/\/agora.xtec.cat\/ceip-jruyra-l-h\/wp-content\/uploads\/usu2049\/2023\/01\/JV3-comprimida-1-1536x2048.jpg 1536w, https:\/\/agora.xtec.cat\/ceip-jruyra-l-h\/wp-content\/uploads\/usu2049\/2023\/01\/JV3-comprimida-1-scaled.jpg 1920w\" sizes=\"auto, (max-width: 576px) 100vw, 576px\" \/><\/p>\n","protected":false},"excerpt":{"rendered":"<p>A 6\u00c8 HEM VIATJAT AL CENTRE DE LA TERRA!<br \/>\nA 6\u00e8 aquest trimestre hem llegit una fant\u00e0stica obra de ci\u00e8ncia ficci\u00f3, \u201cViatge al centre de la Terra\u201d de Julio Verne.<br \/>\n\u00c9s un llibre molt intens I entretingut, banyat d\u2019emocions I treball en equip. Ens ha fet reflexionar&hellip;  <a href=\"https:\/\/agora.xtec.cat\/ceip-jruyra-l-h\/general\/a-6e-hem-viatjat-al-centre-de-la-terra\/\" title=\"Read A 6\u00e8 hem viatjat al centre de la Terra!!\">Llegeix m\u00e9s\u00bb<\/a><\/p>\n","protected":false},"author":41,"featured_media":13770,"comment_status":"open","ping_status":"closed","sticky":false,"template":"","format":"standard","meta":{"_bbp_topic_count":0,"_bbp_reply_count":0,"_bbp_total_topic_count":0,"_bbp_total_reply_count":0,"_bbp_voice_count":0,"_bbp_anonymous_reply_count":0,"_bbp_topic_count_hidden":0,"_bbp_reply_count_hidden":0,"_bbp_forum_subforum_count":0,"footnotes":""},"categories":[60,1,4],"tags":[71,83,63],"class_list":["post-13769","post","type-post","status-publish","format-standard","has-post-thumbnail","hentry","category-cdaxarxa","category-general","category-portada","tag-actuacions-educatives-dexit","tag-comunitats-daprenentatge","tag-tertulies-dialogiques"],"post_mailing_queue_ids":[],"_links":{"self":[{"href":"https:\/\/agora.xtec.cat\/ceip-jruyra-l-h\/wp-json\/wp\/v2\/posts\/13769","targetHints":{"allow":["GET"]}}],"collection":[{"href":"https:\/\/agora.xtec.cat\/ceip-jruyra-l-h\/wp-json\/wp\/v2\/posts"}],"about":[{"href":"https:\/\/agora.xtec.cat\/ceip-jruyra-l-h\/wp-json\/wp\/v2\/types\/post"}],"author":[{"embeddable":true,"href":"https:\/\/agora.xtec.cat\/ceip-jruyra-l-h\/wp-json\/wp\/v2\/users\/41"}],"replies":[{"embeddable":true,"href":"https:\/\/agora.xtec.cat\/ceip-jruyra-l-h\/wp-json\/wp\/v2\/comments?post=13769"}],"version-history":[{"count":1,"href":"https:\/\/agora.xtec.cat\/ceip-jruyra-l-h\/wp-json\/wp\/v2\/posts\/13769\/revisions"}],"predecessor-version":[{"id":13773,"href":"https:\/\/agora.xtec.cat\/ceip-jruyra-l-h\/wp-json\/wp\/v2\/posts\/13769\/revisions\/13773"}],"wp:featuredmedia":[{"embeddable":true,"href":"https:\/\/agora.xtec.cat\/ceip-jruyra-l-h\/wp-json\/wp\/v2\/media\/13770"}],"wp:attachment":[{"href":"https:\/\/agora.xtec.cat\/ceip-jruyra-l-h\/wp-json\/wp\/v2\/media?parent=13769"}],"wp:term":[{"taxonomy":"category","embeddable":true,"href":"https:\/\/agora.xtec.cat\/ceip-jruyra-l-h\/wp-json\/wp\/v2\/categories?post=13769"},{"taxonomy":"post_tag","embeddable":true,"href":"https:\/\/agora.xtec.cat\/ceip-jruyra-l-h\/wp-json\/wp\/v2\/tags?post=13769"}],"curies":[{"name":"wp","href":"https:\/\/api.w.org\/{rel}","templated":true}]}}