{"id":13763,"date":"2023-01-24T11:03:44","date_gmt":"2023-01-24T10:03:44","guid":{"rendered":"https:\/\/agora.xtec.cat\/ceip-jruyra-l-h\/?p=13763"},"modified":"2023-01-24T11:03:44","modified_gmt":"2023-01-24T10:03:44","slug":"sortida-al-museu-picasso","status":"publish","type":"post","link":"https:\/\/agora.xtec.cat\/ceip-jruyra-l-h\/general\/sortida-al-museu-picasso\/","title":{"rendered":"Sortida al Museu Picasso!"},"content":{"rendered":"<p>Bon dia,<\/p>\n<p>Els i les alumnes de 3r de l&#8217;escola el passat 10 de gener, van anar al Museu Picasso de Barcelona.<\/p>\n<p>Vam passar un dia d&#8217;all\u00f2 m\u00e9s divertit. Primer vam estar al Parc de la Ciutadella, gaudint del bon temps i despr\u00e9s vam fer la visita al museu. Dins del museu vam comentar diversos quadres de l&#8217;artista i despr\u00e9s vam poder nosaltres fer d&#8217;artistes! Va ser MOLT divertit. L&#8217;activitat ens va encantar!<\/p>\n<p>Us deixem les fotos en aquest <a href=\"https:\/\/drive.google.com\/drive\/folders\/1NlL6o0kjGZWeRXuTxkGKo0Cyvgyxcmdg\">enlla\u00e7<\/a>!<\/p>\n<p style=\"text-align: right;\"><a href=\"https:\/\/drive.google.com\/drive\/folders\/1NlL6o0kjGZWeRXuTxkGKo0Cyvgyxcmdg\"><img loading=\"lazy\" decoding=\"async\" class=\"aligncenter wp-image-13765 size-large\" src=\"https:\/\/agora.xtec.cat\/ceip-jruyra-l-h\/wp-content\/uploads\/usu2049\/2023\/01\/3BE813CF-E35C-4701-9F6E-3220464CD6EA-1012x768.jpeg\" alt=\"\" width=\"1012\" height=\"768\" srcset=\"https:\/\/agora.xtec.cat\/ceip-jruyra-l-h\/wp-content\/uploads\/usu2049\/2023\/01\/3BE813CF-E35C-4701-9F6E-3220464CD6EA-1012x768.jpeg 1012w, https:\/\/agora.xtec.cat\/ceip-jruyra-l-h\/wp-content\/uploads\/usu2049\/2023\/01\/3BE813CF-E35C-4701-9F6E-3220464CD6EA-300x228.jpeg 300w, https:\/\/agora.xtec.cat\/ceip-jruyra-l-h\/wp-content\/uploads\/usu2049\/2023\/01\/3BE813CF-E35C-4701-9F6E-3220464CD6EA-768x583.jpeg 768w, https:\/\/agora.xtec.cat\/ceip-jruyra-l-h\/wp-content\/uploads\/usu2049\/2023\/01\/3BE813CF-E35C-4701-9F6E-3220464CD6EA.jpeg 1091w\" sizes=\"auto, (max-width: 1012px) 100vw, 1012px\" \/><\/a><\/p>\n<p>Fins la propera!!!<\/p>\n","protected":false},"excerpt":{"rendered":"<p>Bon dia,<br \/>\nEls i les alumnes de 3r de l&#8217;escola el passat 10 de gener, van anar al Museu Picasso de Barcelona.<br \/>\nVam passar un dia d&#8217;all\u00f2 m\u00e9s divertit. Primer vam estar al Parc de la Ciutadella, gaudint del bon temps i despr\u00e9s vam fer la visita&hellip;  <a href=\"https:\/\/agora.xtec.cat\/ceip-jruyra-l-h\/general\/sortida-al-museu-picasso\/\" title=\"Read Sortida al Museu Picasso!\">Llegeix m\u00e9s\u00bb<\/a><\/p>\n","protected":false},"author":5,"featured_media":13765,"comment_status":"open","ping_status":"closed","sticky":false,"template":"","format":"standard","meta":{"_bbp_topic_count":0,"_bbp_reply_count":0,"_bbp_total_topic_count":0,"_bbp_total_reply_count":0,"_bbp_voice_count":0,"_bbp_anonymous_reply_count":0,"_bbp_topic_count_hidden":0,"_bbp_reply_count_hidden":0,"_bbp_forum_subforum_count":0,"footnotes":""},"categories":[12,1],"tags":[],"class_list":["post-13763","post","type-post","status-publish","format-standard","has-post-thumbnail","hentry","category-3r","category-general"],"post_mailing_queue_ids":[],"_links":{"self":[{"href":"https:\/\/agora.xtec.cat\/ceip-jruyra-l-h\/wp-json\/wp\/v2\/posts\/13763","targetHints":{"allow":["GET"]}}],"collection":[{"href":"https:\/\/agora.xtec.cat\/ceip-jruyra-l-h\/wp-json\/wp\/v2\/posts"}],"about":[{"href":"https:\/\/agora.xtec.cat\/ceip-jruyra-l-h\/wp-json\/wp\/v2\/types\/post"}],"author":[{"embeddable":true,"href":"https:\/\/agora.xtec.cat\/ceip-jruyra-l-h\/wp-json\/wp\/v2\/users\/5"}],"replies":[{"embeddable":true,"href":"https:\/\/agora.xtec.cat\/ceip-jruyra-l-h\/wp-json\/wp\/v2\/comments?post=13763"}],"version-history":[{"count":3,"href":"https:\/\/agora.xtec.cat\/ceip-jruyra-l-h\/wp-json\/wp\/v2\/posts\/13763\/revisions"}],"predecessor-version":[{"id":13774,"href":"https:\/\/agora.xtec.cat\/ceip-jruyra-l-h\/wp-json\/wp\/v2\/posts\/13763\/revisions\/13774"}],"wp:featuredmedia":[{"embeddable":true,"href":"https:\/\/agora.xtec.cat\/ceip-jruyra-l-h\/wp-json\/wp\/v2\/media\/13765"}],"wp:attachment":[{"href":"https:\/\/agora.xtec.cat\/ceip-jruyra-l-h\/wp-json\/wp\/v2\/media?parent=13763"}],"wp:term":[{"taxonomy":"category","embeddable":true,"href":"https:\/\/agora.xtec.cat\/ceip-jruyra-l-h\/wp-json\/wp\/v2\/categories?post=13763"},{"taxonomy":"post_tag","embeddable":true,"href":"https:\/\/agora.xtec.cat\/ceip-jruyra-l-h\/wp-json\/wp\/v2\/tags?post=13763"}],"curies":[{"name":"wp","href":"https:\/\/api.w.org\/{rel}","templated":true}]}}