{"id":13716,"date":"2023-01-11T07:20:44","date_gmt":"2023-01-11T06:20:44","guid":{"rendered":"https:\/\/agora.xtec.cat\/ceip-jruyra-l-h\/?p=13716"},"modified":"2025-02-16T12:22:45","modified_gmt":"2025-02-16T11:22:45","slug":"a-p3-hem-comencat-les-tertulies-artistiques","status":"publish","type":"post","link":"https:\/\/agora.xtec.cat\/ceip-jruyra-l-h\/general\/a-p3-hem-comencat-les-tertulies-artistiques\/","title":{"rendered":"A P3 HEM COMEN\u00c7AT LES TERT\u00daLIES ART\u00cdSTIQUES"},"content":{"rendered":"<p>Hola fam\u00edlies del Ruyra. A finals del primer trimestre vam comen\u00e7ar amb les tert\u00falies art\u00edstiques amb els m\u00e9s petits. Aquest curs l\u2019eix transversal d\u2019escola \u00e9s l\u2019artista Pablo Picasso. A la classe dels pinzells i de les pintures vam fer 2 sessions.<\/p>\n<p><img loading=\"lazy\" decoding=\"async\" class=\"alignnone size-large wp-image-13717\" src=\"https:\/\/agora.xtec.cat\/ceip-jruyra-l-h\/wp-content\/uploads\/usu2049\/2023\/01\/1-1024x768.jpg\" alt=\"\" width=\"1024\" height=\"768\" srcset=\"https:\/\/agora.xtec.cat\/ceip-jruyra-l-h\/wp-content\/uploads\/usu2049\/2023\/01\/1-1024x768.jpg 1024w, https:\/\/agora.xtec.cat\/ceip-jruyra-l-h\/wp-content\/uploads\/usu2049\/2023\/01\/1-300x225.jpg 300w, https:\/\/agora.xtec.cat\/ceip-jruyra-l-h\/wp-content\/uploads\/usu2049\/2023\/01\/1-768x576.jpg 768w, https:\/\/agora.xtec.cat\/ceip-jruyra-l-h\/wp-content\/uploads\/usu2049\/2023\/01\/1-1536x1152.jpg 1536w, https:\/\/agora.xtec.cat\/ceip-jruyra-l-h\/wp-content\/uploads\/usu2049\/2023\/01\/1-200x150.jpg 200w, https:\/\/agora.xtec.cat\/ceip-jruyra-l-h\/wp-content\/uploads\/usu2049\/2023\/01\/1.jpg 1672w\" sizes=\"auto, (max-width: 1024px) 100vw, 1024px\" \/>A la primer sessi\u00f3 vam fer la tert\u00falia del quadre de les \u201cBanyistes\u201d on els infants vam poder expressar els elements que el hi cridaven l\u2019atenci\u00f3 (colors, formes, postures, paisatge&#8230;).<\/p>\n<p><img loading=\"lazy\" decoding=\"async\" class=\"alignnone size-large wp-image-13718\" src=\"https:\/\/agora.xtec.cat\/ceip-jruyra-l-h\/wp-content\/uploads\/usu2049\/2023\/01\/01-1024x768.jpg\" alt=\"\" width=\"1024\" height=\"768\" srcset=\"https:\/\/agora.xtec.cat\/ceip-jruyra-l-h\/wp-content\/uploads\/usu2049\/2023\/01\/01-1024x768.jpg 1024w, https:\/\/agora.xtec.cat\/ceip-jruyra-l-h\/wp-content\/uploads\/usu2049\/2023\/01\/01-300x225.jpg 300w, https:\/\/agora.xtec.cat\/ceip-jruyra-l-h\/wp-content\/uploads\/usu2049\/2023\/01\/01-768x576.jpg 768w, https:\/\/agora.xtec.cat\/ceip-jruyra-l-h\/wp-content\/uploads\/usu2049\/2023\/01\/01-1536x1152.jpg 1536w, https:\/\/agora.xtec.cat\/ceip-jruyra-l-h\/wp-content\/uploads\/usu2049\/2023\/01\/01-200x150.jpg 200w, https:\/\/agora.xtec.cat\/ceip-jruyra-l-h\/wp-content\/uploads\/usu2049\/2023\/01\/01.jpg 2016w\" sizes=\"auto, (max-width: 1024px) 100vw, 1024px\" \/><\/p>\n<p>A la segona sessi\u00f3, vam representar l\u2019escenari d\u2019una platja com a simulaci\u00f3 del quadre treballat on els infants de manera manipulativa vam poder jugar escenificant l\u2019escena.<\/p>\n<p>Aqu\u00ed us mostrem les imatges perqu\u00e8 ho veieu. Desitgem que us agradi.<\/p>\n<p><a href=\"https:\/\/drive.google.com\/drive\/folders\/1T_BWr6qczA9yta-t4U7m27Wd4XOFPNeu?usp=share_link\">https:\/\/drive.google.com\/drive\/folders\/1T_BWr6qczA9yta-t4U7m27Wd4XOFPNeu?usp=share_link<\/a><\/p>\n<p>&nbsp;<\/p>\n","protected":false},"excerpt":{"rendered":"<p>Hola fam\u00edlies del Ruyra. A finals del primer trimestre vam comen\u00e7ar amb les tert\u00falies art\u00edstiques amb els m\u00e9s petits. Aquest curs l\u2019eix transversal d\u2019escola \u00e9s l\u2019artista Pablo Picasso. A la classe dels pinzells i de les pintures vam fer 2 sessions.<br \/>\nA la primer sessi\u00f3 vam&hellip;  <a href=\"https:\/\/agora.xtec.cat\/ceip-jruyra-l-h\/general\/a-p3-hem-comencat-les-tertulies-artistiques\/\" title=\"Read A P3 HEM COMEN\u00c7AT LES TERT\u00daLIES ART\u00cdSTIQUES\">Llegeix m\u00e9s\u00bb<\/a><\/p>\n","protected":false},"author":1,"featured_media":13717,"comment_status":"open","ping_status":"closed","sticky":false,"template":"","format":"standard","meta":{"_bbp_topic_count":0,"_bbp_reply_count":0,"_bbp_total_topic_count":0,"_bbp_total_reply_count":0,"_bbp_voice_count":0,"_bbp_anonymous_reply_count":0,"_bbp_topic_count_hidden":0,"_bbp_reply_count_hidden":0,"_bbp_forum_subforum_count":0,"footnotes":""},"categories":[60,1,3,4],"tags":[71,83,63],"class_list":["post-13716","post","type-post","status-publish","format-standard","has-post-thumbnail","hentry","category-cdaxarxa","category-general","category-i3","category-portada","tag-actuacions-educatives-dexit","tag-comunitats-daprenentatge","tag-tertulies-dialogiques"],"post_mailing_queue_ids":[],"_links":{"self":[{"href":"https:\/\/agora.xtec.cat\/ceip-jruyra-l-h\/wp-json\/wp\/v2\/posts\/13716","targetHints":{"allow":["GET"]}}],"collection":[{"href":"https:\/\/agora.xtec.cat\/ceip-jruyra-l-h\/wp-json\/wp\/v2\/posts"}],"about":[{"href":"https:\/\/agora.xtec.cat\/ceip-jruyra-l-h\/wp-json\/wp\/v2\/types\/post"}],"author":[{"embeddable":true,"href":"https:\/\/agora.xtec.cat\/ceip-jruyra-l-h\/wp-json\/wp\/v2\/users\/1"}],"replies":[{"embeddable":true,"href":"https:\/\/agora.xtec.cat\/ceip-jruyra-l-h\/wp-json\/wp\/v2\/comments?post=13716"}],"version-history":[{"count":1,"href":"https:\/\/agora.xtec.cat\/ceip-jruyra-l-h\/wp-json\/wp\/v2\/posts\/13716\/revisions"}],"predecessor-version":[{"id":13719,"href":"https:\/\/agora.xtec.cat\/ceip-jruyra-l-h\/wp-json\/wp\/v2\/posts\/13716\/revisions\/13719"}],"wp:featuredmedia":[{"embeddable":true,"href":"https:\/\/agora.xtec.cat\/ceip-jruyra-l-h\/wp-json\/wp\/v2\/media\/13717"}],"wp:attachment":[{"href":"https:\/\/agora.xtec.cat\/ceip-jruyra-l-h\/wp-json\/wp\/v2\/media?parent=13716"}],"wp:term":[{"taxonomy":"category","embeddable":true,"href":"https:\/\/agora.xtec.cat\/ceip-jruyra-l-h\/wp-json\/wp\/v2\/categories?post=13716"},{"taxonomy":"post_tag","embeddable":true,"href":"https:\/\/agora.xtec.cat\/ceip-jruyra-l-h\/wp-json\/wp\/v2\/tags?post=13716"}],"curies":[{"name":"wp","href":"https:\/\/api.w.org\/{rel}","templated":true}]}}