{"id":13705,"date":"2023-01-09T19:49:21","date_gmt":"2023-01-09T18:49:21","guid":{"rendered":"https:\/\/agora.xtec.cat\/ceip-jruyra-l-h\/?p=13705"},"modified":"2023-01-08T19:49:50","modified_gmt":"2023-01-08T18:49:50","slug":"p4-acomiada-el-primer-trimestre","status":"publish","type":"post","link":"https:\/\/agora.xtec.cat\/ceip-jruyra-l-h\/infantil\/i4\/p4-acomiada-el-primer-trimestre\/","title":{"rendered":"P4 Acomiada el primer trimestre"},"content":{"rendered":"<p><img loading=\"lazy\" decoding=\"async\" class=\"alignnone size-large wp-image-13707\" src=\"https:\/\/agora.xtec.cat\/ceip-jruyra-l-h\/wp-content\/uploads\/usu2049\/2023\/01\/IMG-20230105-WA0017-1024x410.jpg\" alt=\"\" width=\"1024\" height=\"410\" srcset=\"https:\/\/agora.xtec.cat\/ceip-jruyra-l-h\/wp-content\/uploads\/usu2049\/2023\/01\/IMG-20230105-WA0017-1024x410.jpg 1024w, https:\/\/agora.xtec.cat\/ceip-jruyra-l-h\/wp-content\/uploads\/usu2049\/2023\/01\/IMG-20230105-WA0017-300x120.jpg 300w, https:\/\/agora.xtec.cat\/ceip-jruyra-l-h\/wp-content\/uploads\/usu2049\/2023\/01\/IMG-20230105-WA0017-768x308.jpg 768w, https:\/\/agora.xtec.cat\/ceip-jruyra-l-h\/wp-content\/uploads\/usu2049\/2023\/01\/IMG-20230105-WA0017-1536x615.jpg 1536w, https:\/\/agora.xtec.cat\/ceip-jruyra-l-h\/wp-content\/uploads\/usu2049\/2023\/01\/IMG-20230105-WA0017.jpg 1928w\" sizes=\"auto, (max-width: 1024px) 100vw, 1024px\" \/><\/p>\n<p>Els \u00faltims dies del trimestre, els nens i nenes de P4 vam poder gaudir de moltes activitats divertides i ben engrescadores per acomiadar el trimestre.<\/p>\n<p>Despr\u00e9s d\u2019assajar molt vam fer el Concert de Nadal amb molt\u00edssima il\u00b7lusi\u00f3 i tamb\u00e9 vam rebre la visita del Ti\u00f3 a l\u2019escola. L&#8217;hem alimentat durant molts dies fins que per fi ens va cagar regals!!. Ens va cagar unes baldufes ben maques i torrons i neules. Vam celebrar un esmorzar conjunt per gaudir d\u2019aquests dol\u00e7os entre amics i amigues.<\/p>\n<p>Un altra visita molt especial per nosaltres va ser la del Pare Noel i les Mares Noel a l\u2019escola! Ens vam quedar al\u00b7lucinats i al\u00b7lucinades al veure\u2019ls all\u00e0, vam xerrar amb ells, ens vam fer moltes fotos i ens van portar uns regals per les classes per despr\u00e9s ajuntar-nos i obrir-los amb molta alegria entre tots junts.<\/p>\n<p>Si voleu veure les imatges d\u2019aquests moments tan especials cliqueu als seg\u00fcents enlla\u00e7os:<\/p>\n<p>Esmorzar conjunt:\u00a0<a href=\"https:\/\/drive.google.com\/drive\/folders\/1ScFeO1L-trvqQc9MMaMeG5y7cmFnoc4N?usp=sharing\">https:\/\/drive.google.com\/drive\/folders\/1ScFeO1L-trvqQc9MMaMeG5y7cmFnoc4N?usp=sharing<\/a><\/p>\n<p>Visita Pare i Mares Noel:\u00a0<a href=\"https:\/\/drive.google.com\/drive\/folders\/1xbzZ6OH1NXQVKsOD5yR8PvRJMxvO8mWi?usp=sharing\">https:\/\/drive.google.com\/drive\/folders\/1xbzZ6OH1NXQVKsOD5yR8PvRJMxvO8mWi?usp=sharing<\/a><\/p>\n","protected":false},"excerpt":{"rendered":"<p>Els \u00faltims dies del trimestre, els nens i nenes de P4 vam poder gaudir de moltes activitats divertides i ben engrescadores per acomiadar el trimestre.<br \/>\nDespr\u00e9s d\u2019assajar molt vam fer el Concert de Nadal amb molt\u00edssima il\u00b7lusi\u00f3 i tamb\u00e9 vam rebre la visita del Ti\u00f3 a&hellip;  <a href=\"https:\/\/agora.xtec.cat\/ceip-jruyra-l-h\/infantil\/i4\/p4-acomiada-el-primer-trimestre\/\" title=\"Read P4 Acomiada el primer trimestre\">Llegeix m\u00e9s\u00bb<\/a><\/p>\n","protected":false},"author":37,"featured_media":13707,"comment_status":"open","ping_status":"closed","sticky":false,"template":"","format":"standard","meta":{"_bbp_topic_count":0,"_bbp_reply_count":0,"_bbp_total_topic_count":0,"_bbp_total_reply_count":0,"_bbp_voice_count":0,"_bbp_anonymous_reply_count":0,"_bbp_topic_count_hidden":0,"_bbp_reply_count_hidden":0,"_bbp_forum_subforum_count":0,"footnotes":""},"categories":[8],"tags":[],"class_list":["post-13705","post","type-post","status-publish","format-standard","has-post-thumbnail","hentry","category-i4"],"post_mailing_queue_ids":[],"_links":{"self":[{"href":"https:\/\/agora.xtec.cat\/ceip-jruyra-l-h\/wp-json\/wp\/v2\/posts\/13705","targetHints":{"allow":["GET"]}}],"collection":[{"href":"https:\/\/agora.xtec.cat\/ceip-jruyra-l-h\/wp-json\/wp\/v2\/posts"}],"about":[{"href":"https:\/\/agora.xtec.cat\/ceip-jruyra-l-h\/wp-json\/wp\/v2\/types\/post"}],"author":[{"embeddable":true,"href":"https:\/\/agora.xtec.cat\/ceip-jruyra-l-h\/wp-json\/wp\/v2\/users\/37"}],"replies":[{"embeddable":true,"href":"https:\/\/agora.xtec.cat\/ceip-jruyra-l-h\/wp-json\/wp\/v2\/comments?post=13705"}],"version-history":[{"count":1,"href":"https:\/\/agora.xtec.cat\/ceip-jruyra-l-h\/wp-json\/wp\/v2\/posts\/13705\/revisions"}],"predecessor-version":[{"id":13708,"href":"https:\/\/agora.xtec.cat\/ceip-jruyra-l-h\/wp-json\/wp\/v2\/posts\/13705\/revisions\/13708"}],"wp:featuredmedia":[{"embeddable":true,"href":"https:\/\/agora.xtec.cat\/ceip-jruyra-l-h\/wp-json\/wp\/v2\/media\/13707"}],"wp:attachment":[{"href":"https:\/\/agora.xtec.cat\/ceip-jruyra-l-h\/wp-json\/wp\/v2\/media?parent=13705"}],"wp:term":[{"taxonomy":"category","embeddable":true,"href":"https:\/\/agora.xtec.cat\/ceip-jruyra-l-h\/wp-json\/wp\/v2\/categories?post=13705"},{"taxonomy":"post_tag","embeddable":true,"href":"https:\/\/agora.xtec.cat\/ceip-jruyra-l-h\/wp-json\/wp\/v2\/tags?post=13705"}],"curies":[{"name":"wp","href":"https:\/\/api.w.org\/{rel}","templated":true}]}}