{"id":13702,"date":"2023-01-10T09:50:06","date_gmt":"2023-01-10T08:50:06","guid":{"rendered":"https:\/\/agora.xtec.cat\/ceip-jruyra-l-h\/?p=13702"},"modified":"2025-02-16T12:22:57","modified_gmt":"2025-02-16T11:22:57","slug":"tertulies-dialogiques-artistiques-a-p4","status":"publish","type":"post","link":"https:\/\/agora.xtec.cat\/ceip-jruyra-l-h\/general\/tertulies-dialogiques-artistiques-a-p4\/","title":{"rendered":"Tert\u00falies Dial\u00f2giques Art\u00edstiques a P4"},"content":{"rendered":"<div>\n<div>\n<div class=\"yj6qo\"><\/div>\n<div class=\"adL\"><img loading=\"lazy\" decoding=\"async\" class=\"alignnone size-full wp-image-13703\" src=\"https:\/\/agora.xtec.cat\/ceip-jruyra-l-h\/wp-content\/uploads\/usu2049\/2023\/01\/Captura-de-pantalla-2020-04-02-a-las-17.38.17.jpg\" alt=\"\" width=\"295\" height=\"353\" srcset=\"https:\/\/agora.xtec.cat\/ceip-jruyra-l-h\/wp-content\/uploads\/usu2049\/2023\/01\/Captura-de-pantalla-2020-04-02-a-las-17.38.17.jpg 295w, https:\/\/agora.xtec.cat\/ceip-jruyra-l-h\/wp-content\/uploads\/usu2049\/2023\/01\/Captura-de-pantalla-2020-04-02-a-las-17.38.17-251x300.jpg 251w\" sizes=\"auto, (max-width: 295px) 100vw, 295px\" \/><\/div>\n<div>\n<p>&nbsp;<\/p>\n<p>Aquest trimestre hem fet a P4 una Tert\u00falia Dial\u00f2gica <span style=\"font-family: inherit; font-size: 1em;\">Art\u00edstica amb el quadre de Picasso &#8220;Les Banyistes&#8221;.<\/span><\/p>\n<p>Hem observat el quadre i mitjan\u00e7ant una conversa i el di\u00e0leg hem anat analitzant tots els elements que observ\u00e0vem, compartint idees i impressions&#8230; hem parlat sobre les tres dones, la seva roba i les seves postures, el far, el mar, el vaixell&#8230;han sorgit aportacions molt valuoses sobre experi\u00e8ncies pr\u00f2pies a la platja i l&#8217;estiu.<br \/>\nDespr\u00e9s de comptar quantes dones hi havia, hem imitat les seves postures.<br \/>\nHem investigat sobre qu\u00e8 \u00e9s un far i quina funci\u00f3 fan i hem jugat amb una llanterna a representar-lo.<\/p>\n<p>Tamb\u00e9 hem observat que la roba de bany que porten \u00e9s for\u00e7a diferent a la que portem i hem buscat imatges de com eren abans els banyadors, els hem comparat amb els d&#8217;ara.<\/p>\n<p>Cada nen i nena ha dibuixat la seva representaci\u00f3 del quadre amb molt d&#8217;esfor\u00e7 i fixant-se molt b\u00e9 en tots els detalls i la seva posici\u00f3, els colors, etc,.<br \/>\nFinalment, com a la tert\u00falia s&#8217;ha parlat molt de l&#8217;estiu i de l&#8217;hivern hem fet un joc per classificar roba segons la portem quan fa fred o quan fa calor.<\/p>\n<p>Per veure les imatges d\u2019aquesta tert\u00falia i les activitats que vam fer, cliqueu als seg\u00fcents enlla\u00e7os:<\/p>\n<p>P4A Classe dels Llapis:\u00a0<a href=\"https:\/\/drive.google.com\/drive\/folders\/1gfj6B7dNz5ziRL_oHyIuMvqoS1P1YlTg?usp=sharing\">https:\/\/drive.google.com\/drive\/folders\/1gfj6B7dNz5ziRL_oHyIuMvqoS1P1YlTg?usp=sharing<\/a><\/p>\n<p>P4B Classe de les Paletes:<a href=\"https:\/\/drive.google.com\/drive\/folders\/1LmX6YMQ04v5p9MLJ8PhWAbN2ym7wqSP_?usp=sharing\">https:\/\/drive.google.com\/drive\/folders\/1LmX6YMQ04v5p9MLJ8PhWAbN2ym7wqSP_?usp=sharing<\/a><\/p>\n<\/div>\n<\/div>\n<\/div>\n","protected":false},"excerpt":{"rendered":"<p>&nbsp;<br \/>\nAquest trimestre hem fet a P4 una Tert\u00falia Dial\u00f2gica Art\u00edstica amb el quadre de Picasso &#8220;Les Banyistes&#8221;.<br \/>\nHem observat el quadre i mitjan\u00e7ant una conversa i el di\u00e0leg hem anat analitzant tots els elements que observ\u00e0vem, compartint idees i impressions&#8230; hem parlat sobre les tres dones,&hellip;  <a href=\"https:\/\/agora.xtec.cat\/ceip-jruyra-l-h\/general\/tertulies-dialogiques-artistiques-a-p4\/\" title=\"Read Tert\u00falies Dial\u00f2giques Art\u00edstiques a P4\">Llegeix m\u00e9s\u00bb<\/a><\/p>\n","protected":false},"author":37,"featured_media":13703,"comment_status":"open","ping_status":"closed","sticky":false,"template":"","format":"standard","meta":{"_bbp_topic_count":0,"_bbp_reply_count":0,"_bbp_total_topic_count":0,"_bbp_total_reply_count":0,"_bbp_voice_count":0,"_bbp_anonymous_reply_count":0,"_bbp_topic_count_hidden":0,"_bbp_reply_count_hidden":0,"_bbp_forum_subforum_count":0,"footnotes":""},"categories":[60,1,8,4],"tags":[71,83,63],"class_list":["post-13702","post","type-post","status-publish","format-standard","has-post-thumbnail","hentry","category-cdaxarxa","category-general","category-i4","category-portada","tag-actuacions-educatives-dexit","tag-comunitats-daprenentatge","tag-tertulies-dialogiques"],"post_mailing_queue_ids":[],"_links":{"self":[{"href":"https:\/\/agora.xtec.cat\/ceip-jruyra-l-h\/wp-json\/wp\/v2\/posts\/13702","targetHints":{"allow":["GET"]}}],"collection":[{"href":"https:\/\/agora.xtec.cat\/ceip-jruyra-l-h\/wp-json\/wp\/v2\/posts"}],"about":[{"href":"https:\/\/agora.xtec.cat\/ceip-jruyra-l-h\/wp-json\/wp\/v2\/types\/post"}],"author":[{"embeddable":true,"href":"https:\/\/agora.xtec.cat\/ceip-jruyra-l-h\/wp-json\/wp\/v2\/users\/37"}],"replies":[{"embeddable":true,"href":"https:\/\/agora.xtec.cat\/ceip-jruyra-l-h\/wp-json\/wp\/v2\/comments?post=13702"}],"version-history":[{"count":2,"href":"https:\/\/agora.xtec.cat\/ceip-jruyra-l-h\/wp-json\/wp\/v2\/posts\/13702\/revisions"}],"predecessor-version":[{"id":13713,"href":"https:\/\/agora.xtec.cat\/ceip-jruyra-l-h\/wp-json\/wp\/v2\/posts\/13702\/revisions\/13713"}],"wp:featuredmedia":[{"embeddable":true,"href":"https:\/\/agora.xtec.cat\/ceip-jruyra-l-h\/wp-json\/wp\/v2\/media\/13703"}],"wp:attachment":[{"href":"https:\/\/agora.xtec.cat\/ceip-jruyra-l-h\/wp-json\/wp\/v2\/media?parent=13702"}],"wp:term":[{"taxonomy":"category","embeddable":true,"href":"https:\/\/agora.xtec.cat\/ceip-jruyra-l-h\/wp-json\/wp\/v2\/categories?post=13702"},{"taxonomy":"post_tag","embeddable":true,"href":"https:\/\/agora.xtec.cat\/ceip-jruyra-l-h\/wp-json\/wp\/v2\/tags?post=13702"}],"curies":[{"name":"wp","href":"https:\/\/api.w.org\/{rel}","templated":true}]}}