{"id":13639,"date":"2022-12-20T10:06:28","date_gmt":"2022-12-20T09:06:28","guid":{"rendered":"https:\/\/agora.xtec.cat\/ceip-jruyra-l-h\/?p=13639"},"modified":"2022-12-20T10:06:28","modified_gmt":"2022-12-20T09:06:28","slug":"ha-arribat-el-tio","status":"publish","type":"post","link":"https:\/\/agora.xtec.cat\/ceip-jruyra-l-h\/infantil\/i3\/ha-arribat-el-tio\/","title":{"rendered":"Ha arribat el Ti\u00f3!"},"content":{"rendered":"<p>Bon dia, fam\u00edlies! El dilluns, els alumnes de la classe de les pintures i els pinzells, vam estar molt contents i emocionats amb la visita d&#8217;un \u00e9sser m\u00e0gic que va venir de la muntanya. No esper\u00e0vem a ning\u00fa i est\u00e0vem treballant a l&#8217;aula. Per\u00f2<span class=\"hiddenGrammarError\">&#8230;quan<\/span>\u00a0va arribar l&#8217;hora de l&#8217;esmorzar<span class=\"hiddenGrammarError\">&#8230;.<\/span> de sobte, alg\u00fa que ensumava les nostres fruites i entrepans, va picar a la porta.\u00a0 Toc, toc! Tots els nens i nenes es van quedar molt sorpresos! Qui \u00e9s?Escolt\u00e0vem una veueta d&#8217;alg\u00fa que ens contestava a les nostres preguntes i, els nens i nenes, van posar cara d&#8217;il\u00b7lusi\u00f3 i sorpresa.<\/p>\n<p>Els pinzells i les pintures estaven molt emocionats! Era el Ti\u00f3 de Nadal! Molts nens van comen\u00e7ar a cridar-lo i altres li feien preguntes, perqu\u00e8 com \u00e9s m\u00e0gic responia per si sol.<\/p>\n<p><img loading=\"lazy\" decoding=\"async\" class=\"alignnone wp-image-13640\" src=\"https:\/\/agora.xtec.cat\/ceip-jruyra-l-h\/wp-content\/uploads\/usu2049\/2022\/12\/Tio-653x768.jpg\" alt=\"\" width=\"778\" height=\"915\" srcset=\"https:\/\/agora.xtec.cat\/ceip-jruyra-l-h\/wp-content\/uploads\/usu2049\/2022\/12\/Tio-653x768.jpg 653w, https:\/\/agora.xtec.cat\/ceip-jruyra-l-h\/wp-content\/uploads\/usu2049\/2022\/12\/Tio-255x300.jpg 255w, https:\/\/agora.xtec.cat\/ceip-jruyra-l-h\/wp-content\/uploads\/usu2049\/2022\/12\/Tio-768x904.jpg 768w, https:\/\/agora.xtec.cat\/ceip-jruyra-l-h\/wp-content\/uploads\/usu2049\/2022\/12\/Tio-1305x1536.jpg 1305w, https:\/\/agora.xtec.cat\/ceip-jruyra-l-h\/wp-content\/uploads\/usu2049\/2022\/12\/Tio-1740x2048.jpg 1740w\" sizes=\"auto, (max-width: 778px) 100vw, 778px\" \/><\/p>\n<p>Enlla\u00e7 per veure les fotograf\u00edes:\u00a0<a href=\"https:\/\/drive.google.com\/drive\/folders\/1lCydiRXCQfj9rWR-OoekpAiu-Eq-IkSB?usp=share_link\">https:\/\/drive.google.com\/drive\/folders\/1lCydiRXCQfj9rWR-OoekpAiu-Eq-IkSB?usp=share_link<\/a><\/p>\n<p>&nbsp;<\/p>\n","protected":false},"excerpt":{"rendered":"<p>Bon dia, fam\u00edlies! El dilluns, els alumnes de la classe de les pintures i els pinzells, vam estar molt contents i emocionats amb la visita d&#8217;un \u00e9sser m\u00e0gic que va venir de la muntanya. No esper\u00e0vem a ning\u00fa i est\u00e0vem treballant a l&#8217;aula. Per\u00f2&#8230;quan\u00a0va arribar&hellip;  <a href=\"https:\/\/agora.xtec.cat\/ceip-jruyra-l-h\/infantil\/i3\/ha-arribat-el-tio\/\" title=\"Read Ha arribat el Ti\u00f3!\">Llegeix m\u00e9s\u00bb<\/a><\/p>\n","protected":false},"author":1,"featured_media":13640,"comment_status":"open","ping_status":"closed","sticky":false,"template":"","format":"standard","meta":{"_bbp_topic_count":0,"_bbp_reply_count":0,"_bbp_total_topic_count":0,"_bbp_total_reply_count":0,"_bbp_voice_count":0,"_bbp_anonymous_reply_count":0,"_bbp_topic_count_hidden":0,"_bbp_reply_count_hidden":0,"_bbp_forum_subforum_count":0,"footnotes":""},"categories":[3],"tags":[],"class_list":["post-13639","post","type-post","status-publish","format-standard","has-post-thumbnail","hentry","category-i3"],"post_mailing_queue_ids":[],"_links":{"self":[{"href":"https:\/\/agora.xtec.cat\/ceip-jruyra-l-h\/wp-json\/wp\/v2\/posts\/13639","targetHints":{"allow":["GET"]}}],"collection":[{"href":"https:\/\/agora.xtec.cat\/ceip-jruyra-l-h\/wp-json\/wp\/v2\/posts"}],"about":[{"href":"https:\/\/agora.xtec.cat\/ceip-jruyra-l-h\/wp-json\/wp\/v2\/types\/post"}],"author":[{"embeddable":true,"href":"https:\/\/agora.xtec.cat\/ceip-jruyra-l-h\/wp-json\/wp\/v2\/users\/1"}],"replies":[{"embeddable":true,"href":"https:\/\/agora.xtec.cat\/ceip-jruyra-l-h\/wp-json\/wp\/v2\/comments?post=13639"}],"version-history":[{"count":3,"href":"https:\/\/agora.xtec.cat\/ceip-jruyra-l-h\/wp-json\/wp\/v2\/posts\/13639\/revisions"}],"predecessor-version":[{"id":13653,"href":"https:\/\/agora.xtec.cat\/ceip-jruyra-l-h\/wp-json\/wp\/v2\/posts\/13639\/revisions\/13653"}],"wp:featuredmedia":[{"embeddable":true,"href":"https:\/\/agora.xtec.cat\/ceip-jruyra-l-h\/wp-json\/wp\/v2\/media\/13640"}],"wp:attachment":[{"href":"https:\/\/agora.xtec.cat\/ceip-jruyra-l-h\/wp-json\/wp\/v2\/media?parent=13639"}],"wp:term":[{"taxonomy":"category","embeddable":true,"href":"https:\/\/agora.xtec.cat\/ceip-jruyra-l-h\/wp-json\/wp\/v2\/categories?post=13639"},{"taxonomy":"post_tag","embeddable":true,"href":"https:\/\/agora.xtec.cat\/ceip-jruyra-l-h\/wp-json\/wp\/v2\/tags?post=13639"}],"curies":[{"name":"wp","href":"https:\/\/api.w.org\/{rel}","templated":true}]}}