{"id":13583,"date":"2022-12-08T19:04:15","date_gmt":"2022-12-08T18:04:15","guid":{"rendered":"https:\/\/agora.xtec.cat\/ceip-jruyra-l-h\/?p=13583"},"modified":"2022-12-07T19:05:37","modified_gmt":"2022-12-07T18:05:37","slug":"benvinguts-al-cap-de-setmana-de-nael-i-danna","status":"publish","type":"post","link":"https:\/\/agora.xtec.cat\/ceip-jruyra-l-h\/infantil\/i3\/benvinguts-al-cap-de-setmana-de-nael-i-danna\/","title":{"rendered":"Benvinguts al cap de setmana  de Nael i Danna"},"content":{"rendered":"<p style=\"background: white; margin: 0cm 0cm 15.0pt 0cm;\">Hola, fam\u00edlies, mestres i amics. Aquesta setmana els nostres companys, en <span class=\"hiddenSpellError\">Nael<\/span> i la <span class=\"hiddenSpellError\">Danna,<\/span>\u00a0ens han portat unes fotografies i v\u00eddeos del cap de setmana amb la seva fam\u00edlia. El\u00a0<span class=\"hiddenSpellError\">Nael<\/span>\u00a0ha presentat a la classe la seva disfressa i alguns membres de la seva fam\u00edlia. Ens ha explicat amb molta il\u00b7lusi\u00f3, que va anar disfressat a demanar llaminadures, amb el seu germ\u00e0 Na\u00efm, pares i tiets.<\/p>\n<p>Voleu saber de qu\u00e8 es va disfressar\u00a0<span class=\"hiddenSpellError\">Nael<\/span>?<\/p>\n<p>La\u00a0<span class=\"hiddenSpellError\">Danna<\/span>\u00a0tamb\u00e9 ha tingut un cap de setmana familiar i ens\u00a0<span class=\"hiddenGreenError\" style=\"padding-bottom: 2px; background-image: url('..\/..\/..\/..\/..\/images\/squiggle_green.png'); background-position: left bottom; cursor: default; color: #000000; font-family: 'Open Sans', Helvetica, Arial, sans-serif; font-size: 16px; font-style: normal; font-weight: 300; letter-spacing: normal; text-align: start; text-indent: 0px; text-transform: none;\">explica<\/span>\u00a0que s&#8217;ha divertit molt al parc amb la seva mare i el seu amic\u00a0<span class=\"hiddenSpellError\">Jayden<\/span>.\u00a0<span class=\"hiddenSpellError\">Danna<\/span>\u00a0<span class=\"hiddenGreenError\" style=\"padding-bottom: 2px; background-image: url('..\/..\/..\/..\/..\/images\/squiggle_green.png'); background-position: left bottom; cursor: default; color: #000000; font-family: 'Open Sans', Helvetica, Arial, sans-serif; font-size: 16px; font-style: normal; font-weight: 300; letter-spacing: normal; text-align: start; text-indent: 0px; text-transform: none;\">explica<\/span>\u00a0que li agrada molt el parc i el que m\u00e9s contenta li fa \u00e9s llen\u00e7ar-se pel tobogan.<\/p>\n<p>Voleu veure a quin parc ha anat la\u00a0<span class=\"hiddenSpellError\">Danna<\/span>?<\/p>\n<p>Les seves fam\u00edlies ens han fet arribar fotos i v\u00eddeos. Gr\u00e0cies per la col\u00b7laboraci\u00f3 en aquest projecte.<\/p>\n<p><img loading=\"lazy\" decoding=\"async\" class=\"alignnone size-large wp-image-13586\" src=\"https:\/\/agora.xtec.cat\/ceip-jruyra-l-h\/wp-content\/uploads\/usu2049\/2022\/12\/IMG_20221105_101144_521-1024x768.jpg\" alt=\"\" width=\"1024\" height=\"768\" srcset=\"https:\/\/agora.xtec.cat\/ceip-jruyra-l-h\/wp-content\/uploads\/usu2049\/2022\/12\/IMG_20221105_101144_521-1024x768.jpg 1024w, https:\/\/agora.xtec.cat\/ceip-jruyra-l-h\/wp-content\/uploads\/usu2049\/2022\/12\/IMG_20221105_101144_521-300x225.jpg 300w, https:\/\/agora.xtec.cat\/ceip-jruyra-l-h\/wp-content\/uploads\/usu2049\/2022\/12\/IMG_20221105_101144_521-768x576.jpg 768w, https:\/\/agora.xtec.cat\/ceip-jruyra-l-h\/wp-content\/uploads\/usu2049\/2022\/12\/IMG_20221105_101144_521-1536x1152.jpg 1536w, https:\/\/agora.xtec.cat\/ceip-jruyra-l-h\/wp-content\/uploads\/usu2049\/2022\/12\/IMG_20221105_101144_521-200x150.jpg 200w, https:\/\/agora.xtec.cat\/ceip-jruyra-l-h\/wp-content\/uploads\/usu2049\/2022\/12\/IMG_20221105_101144_521.jpg 2000w\" sizes=\"auto, (max-width: 1024px) 100vw, 1024px\" \/><\/p>\n<p><span class=\"hiddenSpellError\">Nael<\/span>\u00a0ens ha\u00a0<span class=\"hiddenGreenError\" style=\"padding-bottom: 2px; background-image: url('..\/..\/..\/..\/..\/images\/squiggle_green.png'); background-position: left bottom; cursor: default; color: #000000; font-family: 'Open Sans', Helvetica, Arial, sans-serif; font-size: 16px; font-style: normal; font-weight: 300; letter-spacing: normal; text-align: start; text-indent: 0px; text-transform: none;\">explicat<\/span>\u00a0que en el seu cap de setmana va disfressar-se amb la seva fam\u00edlia i uns amics. Dissabte i diumenge es va disfressar de vampir i va anar amb un grup de nens a fer truc o tracte per jugar a espantar i aconseguir llaminadures.<\/p>\n<p>Aqu\u00ed teniu l&#8217;enlla\u00e7: <a href=\"https:\/\/drive.google.com\/drive\/folders\/1zPFr-40uYHaL1jHHxSnXpp-KZ-Kich0G?usp=share_link\">https:\/\/drive.google.com\/drive\/folders\/1zPFr-40uYHaL1jHHxSnXpp-KZ-Kich0G?usp=share_link<\/a><\/p>\n<p>La\u00a0<span class=\"hiddenSpellError\">Danna<\/span>\u00a0aquest cap de setmana ha estat al parc dels colors. Ens ha\u00a0<span class=\"hiddenGreenError\" style=\"padding-bottom: 2px; background-image: url('..\/..\/..\/..\/..\/images\/squiggle_green.png'); background-position: left bottom; cursor: default; color: #000000; font-family: 'Open Sans', Helvetica, Arial, sans-serif; font-size: 16px; font-style: normal; font-weight: 300; letter-spacing: normal; text-align: start; text-indent: 0px; text-transform: none;\">explicat<\/span>\u00a0que el que m\u00e9s li agrada en el m\u00f3n \u00e9s el parc. Es diverteix molt pujant als gronxadors i baixant pel tobogan.<\/p>\n<p><img loading=\"lazy\" decoding=\"async\" class=\"alignnone size-large wp-image-13585\" src=\"https:\/\/agora.xtec.cat\/ceip-jruyra-l-h\/wp-content\/uploads\/usu2049\/2022\/12\/IMG-20221104-WA0046-1024x576.jpg\" alt=\"\" width=\"1024\" height=\"576\" srcset=\"https:\/\/agora.xtec.cat\/ceip-jruyra-l-h\/wp-content\/uploads\/usu2049\/2022\/12\/IMG-20221104-WA0046-1024x576.jpg 1024w, https:\/\/agora.xtec.cat\/ceip-jruyra-l-h\/wp-content\/uploads\/usu2049\/2022\/12\/IMG-20221104-WA0046-300x169.jpg 300w, https:\/\/agora.xtec.cat\/ceip-jruyra-l-h\/wp-content\/uploads\/usu2049\/2022\/12\/IMG-20221104-WA0046-768x432.jpg 768w, https:\/\/agora.xtec.cat\/ceip-jruyra-l-h\/wp-content\/uploads\/usu2049\/2022\/12\/IMG-20221104-WA0046-1536x864.jpg 1536w, https:\/\/agora.xtec.cat\/ceip-jruyra-l-h\/wp-content\/uploads\/usu2049\/2022\/12\/IMG-20221104-WA0046.jpg 1920w\" sizes=\"auto, (max-width: 1024px) 100vw, 1024px\" \/><\/p>\n<p>Aqu\u00ed teniu l&#8217;enlla\u00e7:<a href=\"https:\/\/drive.google.com\/drive\/folders\/1scJ-F6del1j6EQPtrCZSkt390EVgD0IE?usp=share_link\">https:\/\/drive.google.com\/drive\/folders\/1scJ-F6del1j6EQPtrCZSkt390EVgD0IE?usp=share_link<\/a><\/p>\n","protected":false},"excerpt":{"rendered":"<p>Hola, fam\u00edlies, mestres i amics. Aquesta setmana els nostres companys, en Nael i la Danna,\u00a0ens han portat unes fotografies i v\u00eddeos del cap de setmana amb la seva fam\u00edlia. El\u00a0Nael\u00a0ha presentat a la classe la seva disfressa i alguns membres de la seva fam\u00edlia. Ens&hellip;  <a href=\"https:\/\/agora.xtec.cat\/ceip-jruyra-l-h\/infantil\/i3\/benvinguts-al-cap-de-setmana-de-nael-i-danna\/\" title=\"Read Benvinguts al cap de setmana  de Nael i Danna\">Llegeix m\u00e9s\u00bb<\/a><\/p>\n","protected":false},"author":1,"featured_media":13586,"comment_status":"open","ping_status":"closed","sticky":false,"template":"","format":"standard","meta":{"_bbp_topic_count":0,"_bbp_reply_count":0,"_bbp_total_topic_count":0,"_bbp_total_reply_count":0,"_bbp_voice_count":0,"_bbp_anonymous_reply_count":0,"_bbp_topic_count_hidden":0,"_bbp_reply_count_hidden":0,"_bbp_forum_subforum_count":0,"footnotes":""},"categories":[3],"tags":[],"class_list":["post-13583","post","type-post","status-publish","format-standard","has-post-thumbnail","hentry","category-i3"],"post_mailing_queue_ids":[],"_links":{"self":[{"href":"https:\/\/agora.xtec.cat\/ceip-jruyra-l-h\/wp-json\/wp\/v2\/posts\/13583","targetHints":{"allow":["GET"]}}],"collection":[{"href":"https:\/\/agora.xtec.cat\/ceip-jruyra-l-h\/wp-json\/wp\/v2\/posts"}],"about":[{"href":"https:\/\/agora.xtec.cat\/ceip-jruyra-l-h\/wp-json\/wp\/v2\/types\/post"}],"author":[{"embeddable":true,"href":"https:\/\/agora.xtec.cat\/ceip-jruyra-l-h\/wp-json\/wp\/v2\/users\/1"}],"replies":[{"embeddable":true,"href":"https:\/\/agora.xtec.cat\/ceip-jruyra-l-h\/wp-json\/wp\/v2\/comments?post=13583"}],"version-history":[{"count":3,"href":"https:\/\/agora.xtec.cat\/ceip-jruyra-l-h\/wp-json\/wp\/v2\/posts\/13583\/revisions"}],"predecessor-version":[{"id":13603,"href":"https:\/\/agora.xtec.cat\/ceip-jruyra-l-h\/wp-json\/wp\/v2\/posts\/13583\/revisions\/13603"}],"wp:featuredmedia":[{"embeddable":true,"href":"https:\/\/agora.xtec.cat\/ceip-jruyra-l-h\/wp-json\/wp\/v2\/media\/13586"}],"wp:attachment":[{"href":"https:\/\/agora.xtec.cat\/ceip-jruyra-l-h\/wp-json\/wp\/v2\/media?parent=13583"}],"wp:term":[{"taxonomy":"category","embeddable":true,"href":"https:\/\/agora.xtec.cat\/ceip-jruyra-l-h\/wp-json\/wp\/v2\/categories?post=13583"},{"taxonomy":"post_tag","embeddable":true,"href":"https:\/\/agora.xtec.cat\/ceip-jruyra-l-h\/wp-json\/wp\/v2\/tags?post=13583"}],"curies":[{"name":"wp","href":"https:\/\/api.w.org\/{rel}","templated":true}]}}