{"id":13569,"date":"2022-11-28T10:14:08","date_gmt":"2022-11-28T09:14:08","guid":{"rendered":"https:\/\/agora.xtec.cat\/ceip-jruyra-l-h\/?p=13569"},"modified":"2022-11-28T10:14:08","modified_gmt":"2022-11-28T09:14:08","slug":"setmana-de-la-solidaritat-a-cicle-mitja","status":"publish","type":"post","link":"https:\/\/agora.xtec.cat\/ceip-jruyra-l-h\/general\/setmana-de-la-solidaritat-a-cicle-mitja\/","title":{"rendered":"Setmana de la solidaritat a cicle mitj\u00e0!"},"content":{"rendered":"<p>Hola a tothom!<\/p>\n<p>Els i les alumnes de tercer i quart de l&#8217;escola us volem ensenyar el mural que vam realitzar per la setmana de la solidaritat. Aquest any ha tractat sobre la salut mental i al llarg de tota la setmana hem buscat informaci\u00f3, hem visionat v\u00eddeos i hem fet assemblees per tractar aquest tema.<\/p>\n<p>Gr\u00e0cies a aquest treball, hem pogut saber ben b\u00e9 qu\u00e8 \u00e9s la salut mental, com ens afecta i, entre tots, hem buscat solucions o estrat\u00e8gies per tenir una bona salut mental.<\/p>\n<p>Si feu clic a <a href=\"https:\/\/drive.google.com\/drive\/folders\/16UmlMdSY6rK7odaoX_c1O06XN7zr-s8s?usp=sharing\">l&#8217;enlla\u00e7<\/a> podreu veure les imatges.<\/p>\n<p>Fins la propera!<\/p>\n<p>&nbsp;<\/p>\n<p>&nbsp;<\/p>\n","protected":false},"excerpt":{"rendered":"<p>Hola a tothom!<br \/>\nEls i les alumnes de tercer i quart de l&#8217;escola us volem ensenyar el mural que vam realitzar per la setmana de la solidaritat. Aquest any ha tractat sobre la salut mental i al llarg de tota la setmana hem buscat informaci\u00f3, hem&hellip;  <a href=\"https:\/\/agora.xtec.cat\/ceip-jruyra-l-h\/general\/setmana-de-la-solidaritat-a-cicle-mitja\/\" title=\"Read Setmana de la solidaritat a cicle mitj\u00e0!\">Llegeix m\u00e9s\u00bb<\/a><\/p>\n","protected":false},"author":5,"featured_media":13571,"comment_status":"open","ping_status":"closed","sticky":false,"template":"","format":"standard","meta":{"_bbp_topic_count":0,"_bbp_reply_count":0,"_bbp_total_topic_count":0,"_bbp_total_reply_count":0,"_bbp_voice_count":0,"_bbp_anonymous_reply_count":0,"_bbp_topic_count_hidden":0,"_bbp_reply_count_hidden":0,"_bbp_forum_subforum_count":0,"footnotes":""},"categories":[12,13,1],"tags":[],"class_list":["post-13569","post","type-post","status-publish","format-standard","has-post-thumbnail","hentry","category-3r","category-4t","category-general"],"post_mailing_queue_ids":[],"_links":{"self":[{"href":"https:\/\/agora.xtec.cat\/ceip-jruyra-l-h\/wp-json\/wp\/v2\/posts\/13569","targetHints":{"allow":["GET"]}}],"collection":[{"href":"https:\/\/agora.xtec.cat\/ceip-jruyra-l-h\/wp-json\/wp\/v2\/posts"}],"about":[{"href":"https:\/\/agora.xtec.cat\/ceip-jruyra-l-h\/wp-json\/wp\/v2\/types\/post"}],"author":[{"embeddable":true,"href":"https:\/\/agora.xtec.cat\/ceip-jruyra-l-h\/wp-json\/wp\/v2\/users\/5"}],"replies":[{"embeddable":true,"href":"https:\/\/agora.xtec.cat\/ceip-jruyra-l-h\/wp-json\/wp\/v2\/comments?post=13569"}],"version-history":[{"count":1,"href":"https:\/\/agora.xtec.cat\/ceip-jruyra-l-h\/wp-json\/wp\/v2\/posts\/13569\/revisions"}],"predecessor-version":[{"id":13570,"href":"https:\/\/agora.xtec.cat\/ceip-jruyra-l-h\/wp-json\/wp\/v2\/posts\/13569\/revisions\/13570"}],"wp:featuredmedia":[{"embeddable":true,"href":"https:\/\/agora.xtec.cat\/ceip-jruyra-l-h\/wp-json\/wp\/v2\/media\/13571"}],"wp:attachment":[{"href":"https:\/\/agora.xtec.cat\/ceip-jruyra-l-h\/wp-json\/wp\/v2\/media?parent=13569"}],"wp:term":[{"taxonomy":"category","embeddable":true,"href":"https:\/\/agora.xtec.cat\/ceip-jruyra-l-h\/wp-json\/wp\/v2\/categories?post=13569"},{"taxonomy":"post_tag","embeddable":true,"href":"https:\/\/agora.xtec.cat\/ceip-jruyra-l-h\/wp-json\/wp\/v2\/tags?post=13569"}],"curies":[{"name":"wp","href":"https:\/\/api.w.org\/{rel}","templated":true}]}}