{"id":13551,"date":"2022-11-27T13:37:12","date_gmt":"2022-11-27T12:37:12","guid":{"rendered":"https:\/\/agora.xtec.cat\/ceip-jruyra-l-h\/?p=13551"},"modified":"2022-11-27T13:37:12","modified_gmt":"2022-11-27T12:37:12","slug":"p4-tast-de-la-tardor","status":"publish","type":"post","link":"https:\/\/agora.xtec.cat\/ceip-jruyra-l-h\/infantil\/i4\/p4-tast-de-la-tardor\/","title":{"rendered":"P4: TAST DE LA TARDOR"},"content":{"rendered":"<p style=\"text-align: center;\"><a href=\"https:\/\/agora.xtec.cat\/ceip-jruyra-l-h\/wp-content\/uploads\/usu2049\/2022\/11\/Aliments-de-tardor-730-300x225-1.jpg\"><img loading=\"lazy\" decoding=\"async\" class=\"alignnone size-full wp-image-13552\" src=\"https:\/\/agora.xtec.cat\/ceip-jruyra-l-h\/wp-content\/uploads\/usu2049\/2022\/11\/Aliments-de-tardor-730-300x225-1.jpg\" alt=\"\" width=\"300\" height=\"225\" srcset=\"https:\/\/agora.xtec.cat\/ceip-jruyra-l-h\/wp-content\/uploads\/usu2049\/2022\/11\/Aliments-de-tardor-730-300x225-1.jpg 300w, https:\/\/agora.xtec.cat\/ceip-jruyra-l-h\/wp-content\/uploads\/usu2049\/2022\/11\/Aliments-de-tardor-730-300x225-1-200x150.jpg 200w\" sizes=\"auto, (max-width: 300px) 100vw, 300px\" \/><\/a><\/p>\n<p style=\"font-weight: 400;\">Per celebrar la tardor aquest mes de Novembre a Infantil hem fet un tast de tardor!!<\/p>\n<p style=\"font-weight: 400;\">Els nens i les nenes de les dues classes de P4A i P4B han portat fruites i fruits secs d\u2019aquesta estaci\u00f3 i ens hem ajuntat per fer un esmorzar ben saludable. All\u00e0 hem apr\u00e8s coses sobre les diferents fruites i fruits secs, els hem observat, tocat, olorat, hem buscar semblances i difer\u00e8ncies i despr\u00e8s hem pogut tastat tot el que hav\u00edem portat.<\/p>\n<p style=\"font-weight: 400;\">A tothom li ha agradat molt aquest tastet ja que han descobert nous sabors i el m\u00e9s important, els hem compartit amb amics i amigues.<\/p>\n<p style=\"font-weight: 400;\">Per veure com va ser aquest tast conjunt de tardor, cliqueu en el seg\u00fcent enlla\u00e7:\u00a0<a href=\"https:\/\/drive.google.com\/drive\/folders\/1W8A9DJmovA2g-pvvp76xzoT4y9x0Vpjk?usp=sharing\">https:\/\/drive.google.com\/drive\/folders\/1W8A9DJmovA2g-pvvp76xzoT4y9x0Vpjk?usp=sharing<\/a><\/p>\n","protected":false},"excerpt":{"rendered":"<p><a href=\"https:\/\/agora.xtec.cat\/ceip-jruyra-l-h\/wp-content\/uploads\/usu2049\/2022\/11\/Aliments-de-tardor-730-300x225-1.jpg\"><\/a><br \/>\nPer celebrar la tardor aquest mes de Novembre a Infantil hem fet un tast de tardor!!<br \/>\nEls nens i les nenes de les dues classes de P4A i P4B han portat fruites i fruits secs d\u2019aquesta estaci\u00f3 i ens hem ajuntat per fer un esmorzar&hellip;  <a href=\"https:\/\/agora.xtec.cat\/ceip-jruyra-l-h\/infantil\/i4\/p4-tast-de-la-tardor\/\" title=\"Read P4: TAST DE LA TARDOR\">Llegeix m\u00e9s\u00bb<\/a><\/p>\n","protected":false},"author":37,"featured_media":13552,"comment_status":"open","ping_status":"closed","sticky":false,"template":"","format":"standard","meta":{"_bbp_topic_count":0,"_bbp_reply_count":0,"_bbp_total_topic_count":0,"_bbp_total_reply_count":0,"_bbp_voice_count":0,"_bbp_anonymous_reply_count":0,"_bbp_topic_count_hidden":0,"_bbp_reply_count_hidden":0,"_bbp_forum_subforum_count":0,"footnotes":""},"categories":[8],"tags":[],"class_list":["post-13551","post","type-post","status-publish","format-standard","has-post-thumbnail","hentry","category-i4"],"post_mailing_queue_ids":[],"_links":{"self":[{"href":"https:\/\/agora.xtec.cat\/ceip-jruyra-l-h\/wp-json\/wp\/v2\/posts\/13551","targetHints":{"allow":["GET"]}}],"collection":[{"href":"https:\/\/agora.xtec.cat\/ceip-jruyra-l-h\/wp-json\/wp\/v2\/posts"}],"about":[{"href":"https:\/\/agora.xtec.cat\/ceip-jruyra-l-h\/wp-json\/wp\/v2\/types\/post"}],"author":[{"embeddable":true,"href":"https:\/\/agora.xtec.cat\/ceip-jruyra-l-h\/wp-json\/wp\/v2\/users\/37"}],"replies":[{"embeddable":true,"href":"https:\/\/agora.xtec.cat\/ceip-jruyra-l-h\/wp-json\/wp\/v2\/comments?post=13551"}],"version-history":[{"count":2,"href":"https:\/\/agora.xtec.cat\/ceip-jruyra-l-h\/wp-json\/wp\/v2\/posts\/13551\/revisions"}],"predecessor-version":[{"id":13566,"href":"https:\/\/agora.xtec.cat\/ceip-jruyra-l-h\/wp-json\/wp\/v2\/posts\/13551\/revisions\/13566"}],"wp:featuredmedia":[{"embeddable":true,"href":"https:\/\/agora.xtec.cat\/ceip-jruyra-l-h\/wp-json\/wp\/v2\/media\/13552"}],"wp:attachment":[{"href":"https:\/\/agora.xtec.cat\/ceip-jruyra-l-h\/wp-json\/wp\/v2\/media?parent=13551"}],"wp:term":[{"taxonomy":"category","embeddable":true,"href":"https:\/\/agora.xtec.cat\/ceip-jruyra-l-h\/wp-json\/wp\/v2\/categories?post=13551"},{"taxonomy":"post_tag","embeddable":true,"href":"https:\/\/agora.xtec.cat\/ceip-jruyra-l-h\/wp-json\/wp\/v2\/tags?post=13551"}],"curies":[{"name":"wp","href":"https:\/\/api.w.org\/{rel}","templated":true}]}}