{"id":13530,"date":"2022-11-24T09:31:14","date_gmt":"2022-11-24T08:31:14","guid":{"rendered":"https:\/\/agora.xtec.cat\/ceip-jruyra-l-h\/?p=13530"},"modified":"2025-02-16T12:22:58","modified_gmt":"2025-02-16T11:22:58","slug":"primera-assemblea-de-representants-curs-22-23","status":"publish","type":"post","link":"https:\/\/agora.xtec.cat\/ceip-jruyra-l-h\/general\/primera-assemblea-de-representants-curs-22-23\/","title":{"rendered":"PRIMERA ASSEMBLEA DE REPRESENTANTS CURS 22-23"},"content":{"rendered":"<p>Aquest dilluns vam fer la nostra primera assemblea de representants d&#8217;aquest curs i el tema que vam tractar va ser l&#8217;\u00fas del nostre pati. Vam posar en com\u00fa tot el que ja hav\u00edem parlat abans a les assemblees d\u2019aula, tant els aspectes positius com les propostes de millora.<\/p>\n<p>L&#8217;alumnat ha valorat molt positivament els canvis que s&#8217;han introdu\u00eft aquest curs per l&#8217;estona d\u2019esbarjo com \u00e9s tenir material al pati per jugar, els dies de m\u00fasica, poder anar a la biblioteca i\u00a0que els grans i els petits puguin jugar junts.<\/p>\n<p>Com a propostes de millora, els m\u00e9s petits han demanat pilotes, un sorral, gronxadors, guixos i colors, material de circ&#8230;.Tamb\u00e9, els agradaria tenir un jard\u00ed amb m\u00e9s zona verda i flors, poder<br \/>\narreglar el terra del pati i la font del pati petit.<\/p>\n<p>Els m\u00e9s grans, volen poder fer competicions de m\u00e9s esports, no nom\u00e9s de futbol, i tenir una zona per poder fer coreografies.<\/p>\n<p>Pel que fa a la conviv\u00e8ncia, hem consensuat entre tots com millorar la vigil\u00e0ncia del pati i dels lavabos, delimitar les zones de cada joc, jugar amb cura amb els materials i respectar l&#8217;espai dels alumnes m\u00e9s vulnerables.<\/p>\n<p>Ha sigut una assemblea molt agradable i enriquidora. Entre tots continuem somiant per millorar la nostra escola.<\/p>\n<p><img loading=\"lazy\" decoding=\"async\" class=\"alignnone size-full wp-image-13532\" src=\"https:\/\/agora.xtec.cat\/ceip-jruyra-l-h\/wp-content\/uploads\/usu2049\/2022\/11\/Imagen-de-WhatsApp-2022-11-24-a-las-09.25.25.jpg\" alt=\"\" width=\"1024\" height=\"768\" srcset=\"https:\/\/agora.xtec.cat\/ceip-jruyra-l-h\/wp-content\/uploads\/usu2049\/2022\/11\/Imagen-de-WhatsApp-2022-11-24-a-las-09.25.25.jpg 1024w, https:\/\/agora.xtec.cat\/ceip-jruyra-l-h\/wp-content\/uploads\/usu2049\/2022\/11\/Imagen-de-WhatsApp-2022-11-24-a-las-09.25.25-300x225.jpg 300w, https:\/\/agora.xtec.cat\/ceip-jruyra-l-h\/wp-content\/uploads\/usu2049\/2022\/11\/Imagen-de-WhatsApp-2022-11-24-a-las-09.25.25-768x576.jpg 768w, https:\/\/agora.xtec.cat\/ceip-jruyra-l-h\/wp-content\/uploads\/usu2049\/2022\/11\/Imagen-de-WhatsApp-2022-11-24-a-las-09.25.25-200x150.jpg 200w\" sizes=\"auto, (max-width: 1024px) 100vw, 1024px\" \/><\/p>\n","protected":false},"excerpt":{"rendered":"<p>Aquest dilluns vam fer la nostra primera assemblea de representants d&#8217;aquest curs i el tema que vam tractar va ser l&#8217;\u00fas del nostre pati. Vam posar en com\u00fa tot el que ja hav\u00edem parlat abans a les assemblees d\u2019aula, tant els aspectes positius com les&hellip;  <a href=\"https:\/\/agora.xtec.cat\/ceip-jruyra-l-h\/general\/primera-assemblea-de-representants-curs-22-23\/\" title=\"Read PRIMERA ASSEMBLEA DE REPRESENTANTS CURS 22-23\">Llegeix m\u00e9s\u00bb<\/a><\/p>\n","protected":false},"author":3,"featured_media":13532,"comment_status":"open","ping_status":"closed","sticky":false,"template":"","format":"standard","meta":{"_bbp_topic_count":0,"_bbp_reply_count":0,"_bbp_total_topic_count":0,"_bbp_total_reply_count":0,"_bbp_voice_count":0,"_bbp_anonymous_reply_count":0,"_bbp_topic_count_hidden":0,"_bbp_reply_count_hidden":0,"_bbp_forum_subforum_count":0,"footnotes":""},"categories":[60,1,4],"tags":[71,83,66],"class_list":["post-13530","post","type-post","status-publish","format-standard","has-post-thumbnail","hentry","category-cdaxarxa","category-general","category-portada","tag-actuacions-educatives-dexit","tag-comunitats-daprenentatge","tag-model-dialogic-de-prevencio-i-resolucio-de-conflictes"],"post_mailing_queue_ids":[],"_links":{"self":[{"href":"https:\/\/agora.xtec.cat\/ceip-jruyra-l-h\/wp-json\/wp\/v2\/posts\/13530","targetHints":{"allow":["GET"]}}],"collection":[{"href":"https:\/\/agora.xtec.cat\/ceip-jruyra-l-h\/wp-json\/wp\/v2\/posts"}],"about":[{"href":"https:\/\/agora.xtec.cat\/ceip-jruyra-l-h\/wp-json\/wp\/v2\/types\/post"}],"author":[{"embeddable":true,"href":"https:\/\/agora.xtec.cat\/ceip-jruyra-l-h\/wp-json\/wp\/v2\/users\/3"}],"replies":[{"embeddable":true,"href":"https:\/\/agora.xtec.cat\/ceip-jruyra-l-h\/wp-json\/wp\/v2\/comments?post=13530"}],"version-history":[{"count":2,"href":"https:\/\/agora.xtec.cat\/ceip-jruyra-l-h\/wp-json\/wp\/v2\/posts\/13530\/revisions"}],"predecessor-version":[{"id":13544,"href":"https:\/\/agora.xtec.cat\/ceip-jruyra-l-h\/wp-json\/wp\/v2\/posts\/13530\/revisions\/13544"}],"wp:featuredmedia":[{"embeddable":true,"href":"https:\/\/agora.xtec.cat\/ceip-jruyra-l-h\/wp-json\/wp\/v2\/media\/13532"}],"wp:attachment":[{"href":"https:\/\/agora.xtec.cat\/ceip-jruyra-l-h\/wp-json\/wp\/v2\/media?parent=13530"}],"wp:term":[{"taxonomy":"category","embeddable":true,"href":"https:\/\/agora.xtec.cat\/ceip-jruyra-l-h\/wp-json\/wp\/v2\/categories?post=13530"},{"taxonomy":"post_tag","embeddable":true,"href":"https:\/\/agora.xtec.cat\/ceip-jruyra-l-h\/wp-json\/wp\/v2\/tags?post=13530"}],"curies":[{"name":"wp","href":"https:\/\/api.w.org\/{rel}","templated":true}]}}