{"id":13514,"date":"2022-11-24T09:07:15","date_gmt":"2022-11-24T08:07:15","guid":{"rendered":"https:\/\/agora.xtec.cat\/ceip-jruyra-l-h\/?p=13514"},"modified":"2022-11-24T09:07:15","modified_gmt":"2022-11-24T08:07:15","slug":"sortida-catalunya-en-miniatura","status":"publish","type":"post","link":"https:\/\/agora.xtec.cat\/ceip-jruyra-l-h\/general\/sortida-catalunya-en-miniatura\/","title":{"rendered":"Sortida CATALUNYA EN MINIATURA"},"content":{"rendered":"<p>El passat 9 de novembre, els nens i les nenes de cicle inicial vam gaudir d&#8217;una sortida conjunta a Catalunya en miniatura.<\/p>\n<p>En arribar ens van indicar on pod\u00edem esmorzar i gaudir una estona de temps per jugar.\u00a0<span style=\"font-family: inherit; font-size: 1em;\">A continuaci\u00f3, vam fer una volta pel recorregut de maquetes. Vam poder llegir noms d&#8217;edificis emblem\u00e0tics de Catalunya i situar-los al mapa.\u00a0<\/span><span style=\"font-family: inherit; font-size: 1em;\">Una de les coses que m\u00e9s ens va agradar eren els botons que encenien els trens, les llanxes, el telef\u00e8ric&#8230;<\/span><\/p>\n<p>Hi havia edificis com el Camp Nou que gaireb\u00e9 tots i totes coneix\u00edem, per\u00f2 d&#8217;altres que eren completament desconeguts. Vam aprendre que Catalunya est\u00e0 plena de monestirs i esgl\u00e9sies petites, d&#8217;estacions de trens de totes les mides, ports i fins i tot que hi ha un edifici amb ous al terrat d&#8217;un tal Dal\u00ed.<\/p>\n<p>Vam rec\u00f3rrer Catalunya en poc m\u00e9s d&#8217;una hora, quin passeig!<\/p>\n<p>Nom\u00e9s ens quedava dinar i jugar abans de tornar a l&#8217;escola i aix\u00ed ho vam fer.<\/p>\n<p>Clickeu damunt la imatge per veure totes les fotografies<\/p>\n<p><a href=\"https:\/\/drive.google.com\/drive\/folders\/15dBBuUCb9wrZFMBYsk_7Eh70D66ALGU2\"><img loading=\"lazy\" decoding=\"async\" class=\"alignnone wp-image-13517 size-full\" src=\"https:\/\/agora.xtec.cat\/ceip-jruyra-l-h\/wp-content\/uploads\/usu2049\/2022\/11\/17F33C62-B4A1-4FF4-871E-3728A8F56EBA.jpeg\" alt=\"\" width=\"960\" height=\"540\" srcset=\"https:\/\/agora.xtec.cat\/ceip-jruyra-l-h\/wp-content\/uploads\/usu2049\/2022\/11\/17F33C62-B4A1-4FF4-871E-3728A8F56EBA.jpeg 960w, https:\/\/agora.xtec.cat\/ceip-jruyra-l-h\/wp-content\/uploads\/usu2049\/2022\/11\/17F33C62-B4A1-4FF4-871E-3728A8F56EBA-300x169.jpeg 300w, https:\/\/agora.xtec.cat\/ceip-jruyra-l-h\/wp-content\/uploads\/usu2049\/2022\/11\/17F33C62-B4A1-4FF4-871E-3728A8F56EBA-768x432.jpeg 768w\" sizes=\"auto, (max-width: 960px) 100vw, 960px\" \/><\/a><\/p>\n","protected":false},"excerpt":{"rendered":"<p>El passat 9 de novembre, els nens i les nenes de cicle inicial vam gaudir d&#8217;una sortida conjunta a Catalunya en miniatura.<br \/>\nEn arribar ens van indicar on pod\u00edem esmorzar i gaudir una estona de temps per jugar.\u00a0A continuaci\u00f3, vam fer una volta pel recorregut de&hellip;  <a href=\"https:\/\/agora.xtec.cat\/ceip-jruyra-l-h\/general\/sortida-catalunya-en-miniatura\/\" title=\"Read Sortida CATALUNYA EN MINIATURA\">Llegeix m\u00e9s\u00bb<\/a><\/p>\n","protected":false},"author":1,"featured_media":0,"comment_status":"open","ping_status":"closed","sticky":false,"template":"","format":"standard","meta":{"_bbp_topic_count":0,"_bbp_reply_count":0,"_bbp_total_topic_count":0,"_bbp_total_reply_count":0,"_bbp_voice_count":0,"_bbp_anonymous_reply_count":0,"_bbp_topic_count_hidden":0,"_bbp_reply_count_hidden":0,"_bbp_forum_subforum_count":0,"footnotes":""},"categories":[10,11,1],"tags":[],"class_list":["post-13514","post","type-post","status-publish","format-standard","hentry","category-1r","category-2n","category-general"],"post_mailing_queue_ids":[],"_links":{"self":[{"href":"https:\/\/agora.xtec.cat\/ceip-jruyra-l-h\/wp-json\/wp\/v2\/posts\/13514","targetHints":{"allow":["GET"]}}],"collection":[{"href":"https:\/\/agora.xtec.cat\/ceip-jruyra-l-h\/wp-json\/wp\/v2\/posts"}],"about":[{"href":"https:\/\/agora.xtec.cat\/ceip-jruyra-l-h\/wp-json\/wp\/v2\/types\/post"}],"author":[{"embeddable":true,"href":"https:\/\/agora.xtec.cat\/ceip-jruyra-l-h\/wp-json\/wp\/v2\/users\/1"}],"replies":[{"embeddable":true,"href":"https:\/\/agora.xtec.cat\/ceip-jruyra-l-h\/wp-json\/wp\/v2\/comments?post=13514"}],"version-history":[{"count":3,"href":"https:\/\/agora.xtec.cat\/ceip-jruyra-l-h\/wp-json\/wp\/v2\/posts\/13514\/revisions"}],"predecessor-version":[{"id":13529,"href":"https:\/\/agora.xtec.cat\/ceip-jruyra-l-h\/wp-json\/wp\/v2\/posts\/13514\/revisions\/13529"}],"wp:attachment":[{"href":"https:\/\/agora.xtec.cat\/ceip-jruyra-l-h\/wp-json\/wp\/v2\/media?parent=13514"}],"wp:term":[{"taxonomy":"category","embeddable":true,"href":"https:\/\/agora.xtec.cat\/ceip-jruyra-l-h\/wp-json\/wp\/v2\/categories?post=13514"},{"taxonomy":"post_tag","embeddable":true,"href":"https:\/\/agora.xtec.cat\/ceip-jruyra-l-h\/wp-json\/wp\/v2\/tags?post=13514"}],"curies":[{"name":"wp","href":"https:\/\/api.w.org\/{rel}","templated":true}]}}