{"id":13341,"date":"2022-11-08T08:59:25","date_gmt":"2022-11-08T07:59:25","guid":{"rendered":"https:\/\/agora.xtec.cat\/ceip-jruyra-l-h\/?p=13341"},"modified":"2025-02-16T12:24:37","modified_gmt":"2025-02-16T11:24:37","slug":"tertulies-dialogiques-de-familiars","status":"publish","type":"post","link":"https:\/\/agora.xtec.cat\/ceip-jruyra-l-h\/general\/tertulies-dialogiques-de-familiars\/","title":{"rendered":"Tert\u00falies Dial\u00f2giques de Familiars"},"content":{"rendered":"<p>Benvolgudes fam\u00edlies,<\/p>\n<p>Voleu passar una estona amb altres familiars? <strong>Si voleu con\u00e8ixer a altres fam\u00edlies podeu venir tots els dilluns de 15h a 16:30h, a la Biblioteca de l&#8217;escola.<\/strong><\/p>\n<p>La nostra escola participa del Pla de Millora d\u2019Oportunitats Educatives (PMOE-PROA+) que contempla diferents mesures per ajudar l\u2019alumnat i les seves fam\u00edlies a superar les seq\u00fceles produ\u00efdes per la pand\u00e8mia de Covid19.<\/p>\n<p>El llibre que compartirem ser\u00e0 &#8220;Aprendiendo Contigo&#8221;, un llibre que de ben segur us servir\u00e0 per con\u00e8ixer amb m\u00e9s profunditat els motius que ens van fer optar per la Transformaci\u00f3 en Comunitat d&#8217;Aprenentatge..<\/p>\n<p><strong>Les Tert\u00falies seran els dilluns de 15h a 16:30h,<\/strong> aprofitant que els nens i nenes estan a classe.<\/p>\n<p>Us convidem a aquest espai per compartir i con\u00e8ixer altres fam\u00edlies de l&#8217;escola.<\/p>\n<p><img loading=\"lazy\" decoding=\"async\" class=\"alignnone size-full wp-image-13342\" src=\"https:\/\/agora.xtec.cat\/ceip-jruyra-l-h\/wp-content\/uploads\/usu2049\/2022\/11\/9788493822637-es.jpg\" alt=\"\" width=\"359\" height=\"500\" srcset=\"https:\/\/agora.xtec.cat\/ceip-jruyra-l-h\/wp-content\/uploads\/usu2049\/2022\/11\/9788493822637-es.jpg 359w, https:\/\/agora.xtec.cat\/ceip-jruyra-l-h\/wp-content\/uploads\/usu2049\/2022\/11\/9788493822637-es-215x300.jpg 215w\" sizes=\"auto, (max-width: 359px) 100vw, 359px\" \/><\/p>\n<p>&nbsp;<\/p>\n<p><img loading=\"lazy\" decoding=\"async\" class=\"alignnone  wp-image-13409\" src=\"https:\/\/agora.xtec.cat\/ceip-jruyra-l-h\/wp-content\/uploads\/usu2049\/2022\/11\/logo-proaplus.png\" alt=\"\" width=\"285\" height=\"86\" srcset=\"https:\/\/agora.xtec.cat\/ceip-jruyra-l-h\/wp-content\/uploads\/usu2049\/2022\/11\/logo-proaplus.png 864w, https:\/\/agora.xtec.cat\/ceip-jruyra-l-h\/wp-content\/uploads\/usu2049\/2022\/11\/logo-proaplus-300x91.png 300w, https:\/\/agora.xtec.cat\/ceip-jruyra-l-h\/wp-content\/uploads\/usu2049\/2022\/11\/logo-proaplus-768x232.png 768w\" sizes=\"auto, (max-width: 285px) 100vw, 285px\" \/><\/p>\n<p><img loading=\"lazy\" decoding=\"async\" class=\"alignnone size-large wp-image-13405\" src=\"https:\/\/agora.xtec.cat\/ceip-jruyra-l-h\/wp-content\/uploads\/usu2049\/2022\/11\/logotip-PROA-1024x98.png\" alt=\"\" width=\"1024\" height=\"98\" srcset=\"https:\/\/agora.xtec.cat\/ceip-jruyra-l-h\/wp-content\/uploads\/usu2049\/2022\/11\/logotip-PROA-1024x98.png 1024w, https:\/\/agora.xtec.cat\/ceip-jruyra-l-h\/wp-content\/uploads\/usu2049\/2022\/11\/logotip-PROA-300x29.png 300w, https:\/\/agora.xtec.cat\/ceip-jruyra-l-h\/wp-content\/uploads\/usu2049\/2022\/11\/logotip-PROA-768x73.png 768w, https:\/\/agora.xtec.cat\/ceip-jruyra-l-h\/wp-content\/uploads\/usu2049\/2022\/11\/logotip-PROA-1536x147.png 1536w, https:\/\/agora.xtec.cat\/ceip-jruyra-l-h\/wp-content\/uploads\/usu2049\/2022\/11\/logotip-PROA.png 1560w\" sizes=\"auto, (max-width: 1024px) 100vw, 1024px\" \/><\/p>\n","protected":false},"excerpt":{"rendered":"<p>Benvolgudes fam\u00edlies,<br \/>\nVoleu passar una estona amb altres familiars? Si voleu con\u00e8ixer a altres fam\u00edlies podeu venir tots els dilluns de 15h a 16:30h, a la Biblioteca de l&#8217;escola.<br \/>\nLa nostra escola participa del Pla de Millora d\u2019Oportunitats Educatives (PMOE-PROA+) que contempla diferents mesures per ajudar l\u2019alumnat&hellip;  <a href=\"https:\/\/agora.xtec.cat\/ceip-jruyra-l-h\/general\/tertulies-dialogiques-de-familiars\/\" title=\"Read Tert\u00falies Dial\u00f2giques de Familiars\">Llegeix m\u00e9s\u00bb<\/a><\/p>\n","protected":false},"author":3,"featured_media":13342,"comment_status":"open","ping_status":"closed","sticky":false,"template":"","format":"standard","meta":{"_bbp_topic_count":0,"_bbp_reply_count":0,"_bbp_total_topic_count":0,"_bbp_total_reply_count":0,"_bbp_voice_count":0,"_bbp_anonymous_reply_count":0,"_bbp_topic_count_hidden":0,"_bbp_reply_count_hidden":0,"_bbp_forum_subforum_count":0,"footnotes":""},"categories":[60,1,4],"tags":[71,83,65,63],"class_list":["post-13341","post","type-post","status-publish","format-standard","has-post-thumbnail","hentry","category-cdaxarxa","category-general","category-portada","tag-actuacions-educatives-dexit","tag-comunitats-daprenentatge","tag-formacio-de-familiars","tag-tertulies-dialogiques"],"post_mailing_queue_ids":[],"_links":{"self":[{"href":"https:\/\/agora.xtec.cat\/ceip-jruyra-l-h\/wp-json\/wp\/v2\/posts\/13341","targetHints":{"allow":["GET"]}}],"collection":[{"href":"https:\/\/agora.xtec.cat\/ceip-jruyra-l-h\/wp-json\/wp\/v2\/posts"}],"about":[{"href":"https:\/\/agora.xtec.cat\/ceip-jruyra-l-h\/wp-json\/wp\/v2\/types\/post"}],"author":[{"embeddable":true,"href":"https:\/\/agora.xtec.cat\/ceip-jruyra-l-h\/wp-json\/wp\/v2\/users\/3"}],"replies":[{"embeddable":true,"href":"https:\/\/agora.xtec.cat\/ceip-jruyra-l-h\/wp-json\/wp\/v2\/comments?post=13341"}],"version-history":[{"count":3,"href":"https:\/\/agora.xtec.cat\/ceip-jruyra-l-h\/wp-json\/wp\/v2\/posts\/13341\/revisions"}],"predecessor-version":[{"id":13410,"href":"https:\/\/agora.xtec.cat\/ceip-jruyra-l-h\/wp-json\/wp\/v2\/posts\/13341\/revisions\/13410"}],"wp:featuredmedia":[{"embeddable":true,"href":"https:\/\/agora.xtec.cat\/ceip-jruyra-l-h\/wp-json\/wp\/v2\/media\/13342"}],"wp:attachment":[{"href":"https:\/\/agora.xtec.cat\/ceip-jruyra-l-h\/wp-json\/wp\/v2\/media?parent=13341"}],"wp:term":[{"taxonomy":"category","embeddable":true,"href":"https:\/\/agora.xtec.cat\/ceip-jruyra-l-h\/wp-json\/wp\/v2\/categories?post=13341"},{"taxonomy":"post_tag","embeddable":true,"href":"https:\/\/agora.xtec.cat\/ceip-jruyra-l-h\/wp-json\/wp\/v2\/tags?post=13341"}],"curies":[{"name":"wp","href":"https:\/\/api.w.org\/{rel}","templated":true}]}}