{"id":13289,"date":"2022-11-09T08:07:31","date_gmt":"2022-11-09T07:07:31","guid":{"rendered":"https:\/\/agora.xtec.cat\/ceip-jruyra-l-h\/?p=13289"},"modified":"2022-11-09T08:07:31","modified_gmt":"2022-11-09T07:07:31","slug":"p5-la-castanyera","status":"publish","type":"post","link":"https:\/\/agora.xtec.cat\/ceip-jruyra-l-h\/infantil\/i5\/p5-la-castanyera\/","title":{"rendered":"P5: La Castanyera"},"content":{"rendered":"<p><a href=\"https:\/\/agora.xtec.cat\/ceip-jruyra-l-h\/wp-content\/uploads\/usu2049\/2022\/11\/castanyera.jpg\"><img loading=\"lazy\" decoding=\"async\" class=\"alignnone size-large wp-image-13290\" src=\"https:\/\/agora.xtec.cat\/ceip-jruyra-l-h\/wp-content\/uploads\/usu2049\/2022\/11\/castanyera-1024x872.jpg\" alt=\"\" width=\"1024\" height=\"872\" srcset=\"https:\/\/agora.xtec.cat\/ceip-jruyra-l-h\/wp-content\/uploads\/usu2049\/2022\/11\/castanyera-1024x872.jpg 1024w, https:\/\/agora.xtec.cat\/ceip-jruyra-l-h\/wp-content\/uploads\/usu2049\/2022\/11\/castanyera-300x256.jpg 300w, https:\/\/agora.xtec.cat\/ceip-jruyra-l-h\/wp-content\/uploads\/usu2049\/2022\/11\/castanyera-768x654.jpg 768w, https:\/\/agora.xtec.cat\/ceip-jruyra-l-h\/wp-content\/uploads\/usu2049\/2022\/11\/castanyera.jpg 1200w\" sizes=\"auto, (max-width: 1024px) 100vw, 1024px\" \/><\/a><\/p>\n<p>Hola fam\u00edlies de P5!!!<\/p>\n<p>Aquest divendres 28 d&#8217;octubre hem tingut l\u2019oportunitat de compartir amb tots i totes la festa de la Castanyera, tot obrint les portes a reunir-nos i gaudir de la companyia que ens ha faltat els darrers anys i aix\u00f2, per si mateix, ja ha estat una gran not\u00edcia.<\/p>\n<p>Per\u00f2 no ens ha de fer perdre de vista un fet molt important: hem demostrat les nostres habilitats de cant amb grans \u00e8xits com la can\u00e7\u00f3 del Marrameu i la de la Castanyera, sense oblidar menjar castanyes i gaudir d\u2019una gran festa amb la resta de companys i companyes d\u2019infantil.<\/p>\n<p>Aix\u00ed doncs, moltes gr\u00e0cies per compartir aquests moments amb nosaltres aix\u00ed com per ajudar a fer realitat aquesta festa de tots i per a tots!!!!<\/p>\n<p><a href=\"https:\/\/drive.google.com\/drive\/folders\/1Iw3u84oHgLMkTHQx09MlGTamyNsD6NnS?usp=share_link\">https:\/\/drive.google.com\/drive\/folders\/1Iw3u84oHgLMkTHQx09MlGTamyNsD6NnS?usp=share_link<\/a><\/p>\n","protected":false},"excerpt":{"rendered":"<p><a href=\"https:\/\/agora.xtec.cat\/ceip-jruyra-l-h\/wp-content\/uploads\/usu2049\/2022\/11\/castanyera.jpg\"><\/a><br \/>\nHola fam\u00edlies de P5!!!<br \/>\nAquest divendres 28 d&#8217;octubre hem tingut l\u2019oportunitat de compartir amb tots i totes la festa de la Castanyera, tot obrint les portes a reunir-nos i gaudir de la companyia que ens ha faltat els darrers anys i aix\u00f2, per si mateix,&hellip;  <a href=\"https:\/\/agora.xtec.cat\/ceip-jruyra-l-h\/infantil\/i5\/p5-la-castanyera\/\" title=\"Read P5: La Castanyera\">Llegeix m\u00e9s\u00bb<\/a><\/p>\n","protected":false},"author":19,"featured_media":13290,"comment_status":"open","ping_status":"closed","sticky":false,"template":"","format":"standard","meta":{"_bbp_topic_count":0,"_bbp_reply_count":0,"_bbp_total_topic_count":0,"_bbp_total_reply_count":0,"_bbp_voice_count":0,"_bbp_anonymous_reply_count":0,"_bbp_topic_count_hidden":0,"_bbp_reply_count_hidden":0,"_bbp_forum_subforum_count":0,"footnotes":""},"categories":[9],"tags":[],"class_list":["post-13289","post","type-post","status-publish","format-standard","has-post-thumbnail","hentry","category-i5"],"post_mailing_queue_ids":[],"_links":{"self":[{"href":"https:\/\/agora.xtec.cat\/ceip-jruyra-l-h\/wp-json\/wp\/v2\/posts\/13289","targetHints":{"allow":["GET"]}}],"collection":[{"href":"https:\/\/agora.xtec.cat\/ceip-jruyra-l-h\/wp-json\/wp\/v2\/posts"}],"about":[{"href":"https:\/\/agora.xtec.cat\/ceip-jruyra-l-h\/wp-json\/wp\/v2\/types\/post"}],"author":[{"embeddable":true,"href":"https:\/\/agora.xtec.cat\/ceip-jruyra-l-h\/wp-json\/wp\/v2\/users\/19"}],"replies":[{"embeddable":true,"href":"https:\/\/agora.xtec.cat\/ceip-jruyra-l-h\/wp-json\/wp\/v2\/comments?post=13289"}],"version-history":[{"count":2,"href":"https:\/\/agora.xtec.cat\/ceip-jruyra-l-h\/wp-json\/wp\/v2\/posts\/13289\/revisions"}],"predecessor-version":[{"id":13296,"href":"https:\/\/agora.xtec.cat\/ceip-jruyra-l-h\/wp-json\/wp\/v2\/posts\/13289\/revisions\/13296"}],"wp:featuredmedia":[{"embeddable":true,"href":"https:\/\/agora.xtec.cat\/ceip-jruyra-l-h\/wp-json\/wp\/v2\/media\/13290"}],"wp:attachment":[{"href":"https:\/\/agora.xtec.cat\/ceip-jruyra-l-h\/wp-json\/wp\/v2\/media?parent=13289"}],"wp:term":[{"taxonomy":"category","embeddable":true,"href":"https:\/\/agora.xtec.cat\/ceip-jruyra-l-h\/wp-json\/wp\/v2\/categories?post=13289"},{"taxonomy":"post_tag","embeddable":true,"href":"https:\/\/agora.xtec.cat\/ceip-jruyra-l-h\/wp-json\/wp\/v2\/tags?post=13289"}],"curies":[{"name":"wp","href":"https:\/\/api.w.org\/{rel}","templated":true}]}}