{"id":13285,"date":"2022-11-14T10:11:50","date_gmt":"2022-11-14T09:11:50","guid":{"rendered":"https:\/\/agora.xtec.cat\/ceip-jruyra-l-h\/?p=13285"},"modified":"2022-11-14T10:11:50","modified_gmt":"2022-11-14T09:11:50","slug":"cap-de-setmana-belinda-i-mayar","status":"publish","type":"post","link":"https:\/\/agora.xtec.cat\/ceip-jruyra-l-h\/infantil\/i3\/cap-de-setmana-belinda-i-mayar\/","title":{"rendered":"CAP DE SETMANA BELINDA I MAYAR"},"content":{"rendered":"<p><span class=\"hiddenGrammarError\" style=\"padding-bottom: 2px; background-image: url('..\/..\/..\/..\/..\/images\/squiggle.png'); background-position: left bottom; cursor: default; color: #000000; font-family: 'Open Sans', Helvetica, Arial, sans-serif; font-size: 16px; font-style: normal; font-weight: 300; letter-spacing: normal; text-align: start; text-indent: 0px; text-transform: none;\">Bon dia<\/span>\u00a0fam\u00edlies, mestres i companys. Aquesta setmana la Belinda i la\u00a0<span class=\"hiddenSpellError\">Mayar<\/span>\u00a0ens han explicat el seu cap de setmana familiar. A la classe ens han presentat les seves viv\u00e8ncies i ens\u00a0<span class=\"hiddenGreenError\" style=\"padding-bottom: 2px; background-image: url('..\/..\/..\/..\/..\/images\/squiggle_green.png'); background-position: left bottom; cursor: default; color: #000000; font-family: 'Open Sans', Helvetica, Arial, sans-serif; font-size: 16px; font-style: normal; font-weight: 300; letter-spacing: normal; text-align: start; text-indent: 0px; text-transform: none;\">expliquen<\/span>\u00a0que s&#8217;ho han passat d&#8217;all\u00f2 m\u00e9s b\u00e9! Voleu saber on han anat?<\/p>\n<p>Les seves fam\u00edlies ens han fet arribar fotos i v\u00eddeos de la seva experi\u00e8ncia. Gr\u00e0cies per la col\u00b7laboraci\u00f3 en aquest projecte.<\/p>\n<p>&nbsp;<\/p>\n<p><a href=\"https:\/\/agora.xtec.cat\/ceip-jruyra-l-h\/wp-content\/uploads\/usu2049\/2022\/11\/Sin-titulo.jpg\"><img loading=\"lazy\" decoding=\"async\" class=\"alignnone size-large wp-image-13286\" src=\"https:\/\/agora.xtec.cat\/ceip-jruyra-l-h\/wp-content\/uploads\/usu2049\/2022\/11\/Sin-titulo-956x1024.jpg\" alt=\"\" width=\"956\" height=\"1024\" srcset=\"https:\/\/agora.xtec.cat\/ceip-jruyra-l-h\/wp-content\/uploads\/usu2049\/2022\/11\/Sin-titulo-956x1024.jpg 956w, https:\/\/agora.xtec.cat\/ceip-jruyra-l-h\/wp-content\/uploads\/usu2049\/2022\/11\/Sin-titulo-280x300.jpg 280w, https:\/\/agora.xtec.cat\/ceip-jruyra-l-h\/wp-content\/uploads\/usu2049\/2022\/11\/Sin-titulo-768x823.jpg 768w, https:\/\/agora.xtec.cat\/ceip-jruyra-l-h\/wp-content\/uploads\/usu2049\/2022\/11\/Sin-titulo-1433x1536.jpg 1433w, https:\/\/agora.xtec.cat\/ceip-jruyra-l-h\/wp-content\/uploads\/usu2049\/2022\/11\/Sin-titulo-1911x2048.jpg 1911w\" sizes=\"auto, (max-width: 956px) 100vw, 956px\" \/><\/a><\/p>\n<p>Dissabte i diumenge la Belinda\u00a0<span class=\"hiddenGreenError\" style=\"padding-bottom: 2px; background-image: url('..\/..\/..\/..\/..\/images\/squiggle_green.png'); background-position: left bottom; cursor: default; color: #000000; font-family: 'Open Sans', Helvetica, Arial, sans-serif; font-size: 16px; font-style: normal; font-weight: 300; letter-spacing: normal; text-align: start; text-indent: 0px; text-transform: none;\">explica<\/span>\u00a0que ha estat a un parc i ha pujat a les atraccions mec\u00e0niques. Amb la seva mare i la seva iaia ha pujat a un tren i ens\u00a0<span class=\"hiddenGreenError\" style=\"padding-bottom: 2px; background-image: url('..\/..\/..\/..\/..\/images\/squiggle_green.png'); background-position: left bottom; cursor: default; color: #000000; font-family: 'Open Sans', Helvetica, Arial, sans-serif; font-size: 16px; font-style: normal; font-weight: 300; letter-spacing: normal; text-align: start; text-indent: 0px; text-transform: none;\">explica<\/span>\u00a0que anava molt de pressa. La seva mare li ha comprat uns globus que comenta que semblen espases i que li agraden molt. Al parc s&#8217;ha llen\u00e7at per un tobogan a una piscina de boles i ha conegut a dos personatges animats, el Bob esponja i la\u00a0<span class=\"hiddenSpellError\">Minnie<\/span>. Els voleu con\u00e8ixer?<\/p>\n<p>A continuaci\u00f3 l&#8217;enlla\u00e7 del cap de setmana de la Belinda:<\/p>\n<p><a href=\"https:\/\/drive.google.com\/drive\/folders\/1Wj0HmjnattdnBoj5X0E2tT5I9QxE7Xad?usp=share_link\">https:\/\/drive.google.com\/drive\/folders\/1Wj0HmjnattdnBoj5X0E2tT5I9QxE7Xad?usp=share_link<\/a><\/p>\n<p>&nbsp;<\/p>\n<p><a href=\"https:\/\/agora.xtec.cat\/ceip-jruyra-l-h\/wp-content\/uploads\/usu2049\/2022\/11\/Sin-titulo-1-scaled.jpg\"><img loading=\"lazy\" decoding=\"async\" class=\"alignnone wp-image-13287\" src=\"https:\/\/agora.xtec.cat\/ceip-jruyra-l-h\/wp-content\/uploads\/usu2049\/2022\/11\/Sin-titulo-1-711x1024.jpg\" alt=\"\" width=\"805\" height=\"1159\" srcset=\"https:\/\/agora.xtec.cat\/ceip-jruyra-l-h\/wp-content\/uploads\/usu2049\/2022\/11\/Sin-titulo-1-711x1024.jpg 711w, https:\/\/agora.xtec.cat\/ceip-jruyra-l-h\/wp-content\/uploads\/usu2049\/2022\/11\/Sin-titulo-1-208x300.jpg 208w, https:\/\/agora.xtec.cat\/ceip-jruyra-l-h\/wp-content\/uploads\/usu2049\/2022\/11\/Sin-titulo-1-768x1105.jpg 768w, https:\/\/agora.xtec.cat\/ceip-jruyra-l-h\/wp-content\/uploads\/usu2049\/2022\/11\/Sin-titulo-1-1067x1536.jpg 1067w, https:\/\/agora.xtec.cat\/ceip-jruyra-l-h\/wp-content\/uploads\/usu2049\/2022\/11\/Sin-titulo-1-1423x2048.jpg 1423w, https:\/\/agora.xtec.cat\/ceip-jruyra-l-h\/wp-content\/uploads\/usu2049\/2022\/11\/Sin-titulo-1-scaled.jpg 1779w\" sizes=\"auto, (max-width: 805px) 100vw, 805px\" \/><\/a><br \/>\nDissabte,\u00a0<span class=\"hiddenSpellError\">Mayar<\/span>\u00a0va anar a fer una visita a casa del seu avi. A la\u00a0<span class=\"hiddenSpellError\">Mayar<\/span>\u00a0li agrada molt pintar i\u00a0<span class=\"hiddenGreenError\" style=\"padding-bottom: 2px; background-image: url('..\/..\/..\/..\/..\/images\/squiggle_green.png'); background-position: left bottom; cursor: default; color: #000000; font-family: 'Open Sans', Helvetica, Arial, sans-serif; font-size: 16px; font-style: normal; font-weight: 300; letter-spacing: normal; text-align: start; text-indent: 0px; text-transform: none;\">explica<\/span>\u00a0que a casa de l&#8217;avi tenen molts dibuixos. El seu germ\u00e0\u00a0<span class=\"hiddenSpellError\">Yassin<\/span>\u00a0va pintar un globus i la\u00a0<span class=\"hiddenSpellError\">Mayar<\/span>\u00a0va pintar una casa dels indis. A casa de l&#8217;avi, la\u00a0<span class=\"hiddenSpellError\">Mayar<\/span>\u00a0fa de perruquera i pentina els cabells de les seves nines. El diumenge,\u00a0<span class=\"hiddenSpellError\">Mayar<\/span>\u00a0i la seva fam\u00edlia van anar a visitar el mar. La\u00a0<span class=\"hiddenSpellError\">Mayar<\/span>\u00a0<span class=\"hiddenGreenError\" style=\"padding-bottom: 2px; background-image: url('..\/..\/..\/..\/..\/images\/squiggle_green.png'); background-position: left bottom; cursor: default; color: #000000; font-family: 'Open Sans', Helvetica, Arial, sans-serif; font-size: 16px; font-style: normal; font-weight: 300; letter-spacing: normal; text-align: start; text-indent: 0px; text-transform: none;\">explica<\/span> que li agrada molt l&#8217;aigua i que aquesta estava molt freda. La platja li agrada molt i est\u00e0 molt emocionada perqu\u00e8 el seu germ\u00e0 i ella s&#8217;han mullat els peus. Ho voleu veure?<\/p>\n<p>A continuaci\u00f3 l&#8217;enlla\u00e7 del cap de setmana de la Mayar:<a href=\"https:\/\/drive.google.com\/drive\/folders\/1Frk5e9ABpCK-P6QFsVjzrlFpAblc9hwm?usp=share_link\">https:\/\/drive.google.com\/drive\/folders\/1Frk5e9ABpCK-P6QFsVjzrlFpAblc9hwm?usp=share_link<\/a><\/p>\n","protected":false},"excerpt":{"rendered":"<p>Bon dia\u00a0fam\u00edlies, mestres i companys. Aquesta setmana la Belinda i la\u00a0Mayar\u00a0ens han explicat el seu cap de setmana familiar. A la classe ens han presentat les seves viv\u00e8ncies i ens\u00a0expliquen\u00a0que s&#8217;ho han passat d&#8217;all\u00f2 m\u00e9s b\u00e9! Voleu saber on han anat?<br \/>\nLes seves fam\u00edlies ens han&hellip;  <a href=\"https:\/\/agora.xtec.cat\/ceip-jruyra-l-h\/infantil\/i3\/cap-de-setmana-belinda-i-mayar\/\" title=\"Read CAP DE SETMANA BELINDA I MAYAR\">Llegeix m\u00e9s\u00bb<\/a><\/p>\n","protected":false},"author":1,"featured_media":13286,"comment_status":"open","ping_status":"closed","sticky":false,"template":"","format":"standard","meta":{"_bbp_topic_count":0,"_bbp_reply_count":0,"_bbp_total_topic_count":0,"_bbp_total_reply_count":0,"_bbp_voice_count":0,"_bbp_anonymous_reply_count":0,"_bbp_topic_count_hidden":0,"_bbp_reply_count_hidden":0,"_bbp_forum_subforum_count":0,"footnotes":""},"categories":[3],"tags":[],"class_list":["post-13285","post","type-post","status-publish","format-standard","has-post-thumbnail","hentry","category-i3"],"post_mailing_queue_ids":[],"_links":{"self":[{"href":"https:\/\/agora.xtec.cat\/ceip-jruyra-l-h\/wp-json\/wp\/v2\/posts\/13285","targetHints":{"allow":["GET"]}}],"collection":[{"href":"https:\/\/agora.xtec.cat\/ceip-jruyra-l-h\/wp-json\/wp\/v2\/posts"}],"about":[{"href":"https:\/\/agora.xtec.cat\/ceip-jruyra-l-h\/wp-json\/wp\/v2\/types\/post"}],"author":[{"embeddable":true,"href":"https:\/\/agora.xtec.cat\/ceip-jruyra-l-h\/wp-json\/wp\/v2\/users\/1"}],"replies":[{"embeddable":true,"href":"https:\/\/agora.xtec.cat\/ceip-jruyra-l-h\/wp-json\/wp\/v2\/comments?post=13285"}],"version-history":[{"count":2,"href":"https:\/\/agora.xtec.cat\/ceip-jruyra-l-h\/wp-json\/wp\/v2\/posts\/13285\/revisions"}],"predecessor-version":[{"id":13400,"href":"https:\/\/agora.xtec.cat\/ceip-jruyra-l-h\/wp-json\/wp\/v2\/posts\/13285\/revisions\/13400"}],"wp:featuredmedia":[{"embeddable":true,"href":"https:\/\/agora.xtec.cat\/ceip-jruyra-l-h\/wp-json\/wp\/v2\/media\/13286"}],"wp:attachment":[{"href":"https:\/\/agora.xtec.cat\/ceip-jruyra-l-h\/wp-json\/wp\/v2\/media?parent=13285"}],"wp:term":[{"taxonomy":"category","embeddable":true,"href":"https:\/\/agora.xtec.cat\/ceip-jruyra-l-h\/wp-json\/wp\/v2\/categories?post=13285"},{"taxonomy":"post_tag","embeddable":true,"href":"https:\/\/agora.xtec.cat\/ceip-jruyra-l-h\/wp-json\/wp\/v2\/tags?post=13285"}],"curies":[{"name":"wp","href":"https:\/\/api.w.org\/{rel}","templated":true}]}}