{"id":13259,"date":"2022-11-01T13:45:40","date_gmt":"2022-11-01T12:45:40","guid":{"rendered":"https:\/\/agora.xtec.cat\/ceip-jruyra-l-h\/?p=13259"},"modified":"2022-10-27T13:47:34","modified_gmt":"2022-10-27T11:47:34","slug":"cap-de-setmana-del-dante-i-la-lisnella","status":"publish","type":"post","link":"https:\/\/agora.xtec.cat\/ceip-jruyra-l-h\/general\/cap-de-setmana-del-dante-i-la-lisnella\/","title":{"rendered":"CAP DE SETMANA DEL DANTE I LA LISNELLA"},"content":{"rendered":"<p>Hola fam\u00edlies, mestres i amics. Aquesta setmana els nostres companys Dante i <span class=\"hiddenSpellError\">Lisnella<\/span>\u00a0ens han presentat les seves viv\u00e8ncies del cap de setmana. El Dante ha passat el cap de setmana amb les seves cosines i la seva amiga Nora. Ell ens ha explicat que\u00a0estava\u00a0molt content i que ha pogut menjar una coseta que li agrada molt. Voleu saber que \u00e9s?<\/p>\n<p>La\u00a0<span class=\"hiddenSpellError\">Lisnella<\/span>\u00a0tamb\u00e9 ha tingut un cap de setmana familiar on ens\u00a0<span class=\"hiddenGreenError\" style=\"padding-bottom: 2px; background-image: url('..\/..\/..\/..\/..\/images\/squiggle_green.png'); background-position: left bottom; cursor: default; color: #000000; font-family: 'Open Sans', Helvetica, Arial, sans-serif; font-size: 16px; font-style: normal; font-weight: 300; letter-spacing: normal; text-align: start; text-indent: 0px; text-transform: none;\">explica<\/span>\u00a0que ha jugat i s&#8217;ha divertit amb la seva\u00a0<span class=\"hiddenSpellError\">Lionella<\/span>, que \u00e9s la seva germana. El diumenge va fer un experiment d&#8217;endevinar que li va sortir for\u00e7a b\u00e9. El voleu\u00a0con\u00e8ixer?<\/p>\n<p>Les seves fam\u00edlies ens han fet arribar fotos i v\u00eddeos. Gr\u00e0cies per la col\u00b7laboraci\u00f3 en aquest projecte.<\/p>\n<p><a href=\"https:\/\/drive.google.com\/drive\/folders\/1YnicLvA2uXxNgg1d_ZWl7DrM_HSmmLA9?usp=sharing\"><img loading=\"lazy\" decoding=\"async\" class=\"alignnone wp-image-13256\" src=\"https:\/\/agora.xtec.cat\/ceip-jruyra-l-h\/wp-content\/uploads\/usu2049\/2022\/10\/Screenshot_20221024-090342_Gallery-2-667x1024.jpg\" alt=\"\" width=\"967\" height=\"1485\" \/><\/a><\/p>\n<p style=\"text-align: left;\">Dissabte, el Dante va anar al parc i va menjar patates fregides amb la seva amiga Nora. Al Dante li encanta el\u00a0<span class=\"hiddenGreenError\">ketchup <\/span>ens\u00a0<span class=\"hiddenGreenError\" style=\"padding-bottom: 2px; background-image: url('..\/..\/..\/..\/..\/images\/squiggle_green.png'); background-position: left bottom; cursor: default; color: #000000; font-family: 'Open Sans', Helvetica, Arial, sans-serif; font-size: 16px; font-style: normal; font-weight: 300; letter-spacing: normal; text-align: start; text-indent: 0px; text-transform: none;\">explica<\/span>\u00a0que divertit \u00e9s, per a ell, sucar les patates i que bones\u00a0estan. El diumenge tamb\u00e9 va anar al parc per\u00f2 aquest cop amb el seu tiet i les seves cosines. El Dante ens\u00a0<span class=\"hiddenGreenError\" style=\"padding-bottom: 2px; background-image: url('..\/..\/..\/..\/..\/images\/squiggle_green.png'); background-position: left bottom; cursor: default; color: #000000; font-family: 'Open Sans', Helvetica, Arial, sans-serif; font-size: 16px; font-style: normal; font-weight: 300; letter-spacing: normal; text-align: start; text-indent: 0px; text-transform: none;\">explica<\/span>\u00a0que li agrada estar amb elles i que el seu tiet \u00e9s molt divertit. Sabeu que \u00e9s el que m\u00e9s li agrada a Dante del parc?<\/p>\n<p>Aqu\u00ed teniu l&#8217;enlla\u00e7 per poder-ho descobrir.\u00a0<a href=\"https:\/\/drive.google.com\/drive\/folders\/1rADZUaIPmql6ao4n2gGqjveQ0Gt4GRn_?usp=sharing\">https:\/\/drive.google.com\/drive\/folders\/1rADZUaIPmql6ao4n2gGqjveQ0Gt4GRn_?usp=sharing<\/a><\/p>\n<p>&nbsp;<\/p>\n<p>&nbsp;<\/p>\n<p><a href=\"https:\/\/drive.google.com\/drive\/folders\/1YnicLvA2uXxNgg1d_ZWl7DrM_HSmmLA9?usp=sharing\"><img loading=\"lazy\" decoding=\"async\" class=\"alignnone wp-image-13260\" src=\"https:\/\/agora.xtec.cat\/ceip-jruyra-l-h\/wp-content\/uploads\/usu2049\/2022\/10\/Sin-titulo-652x1024.jpg\" alt=\"\" width=\"951\" height=\"1494\" srcset=\"https:\/\/agora.xtec.cat\/ceip-jruyra-l-h\/wp-content\/uploads\/usu2049\/2022\/10\/Sin-titulo-652x1024.jpg 652w, https:\/\/agora.xtec.cat\/ceip-jruyra-l-h\/wp-content\/uploads\/usu2049\/2022\/10\/Sin-titulo-191x300.jpg 191w, https:\/\/agora.xtec.cat\/ceip-jruyra-l-h\/wp-content\/uploads\/usu2049\/2022\/10\/Sin-titulo-768x1206.jpg 768w, https:\/\/agora.xtec.cat\/ceip-jruyra-l-h\/wp-content\/uploads\/usu2049\/2022\/10\/Sin-titulo-978x1536.jpg 978w, https:\/\/agora.xtec.cat\/ceip-jruyra-l-h\/wp-content\/uploads\/usu2049\/2022\/10\/Sin-titulo-1304x2048.jpg 1304w, https:\/\/agora.xtec.cat\/ceip-jruyra-l-h\/wp-content\/uploads\/usu2049\/2022\/10\/Sin-titulo-scaled.jpg 1630w\" sizes=\"auto, (max-width: 951px) 100vw, 951px\" \/><\/a><\/p>\n<p>&nbsp;<\/p>\n<p>Dissabte, la\u00a0<span class=\"hiddenSpellError\">Lisnella<\/span>\u00a0va fer una excursi\u00f3 a Montju\u00efc. Amb la seva germana\u00a0<span class=\"hiddenSpellError\">Lionella<\/span>, va estar jugant a la pilota pels jardins i van\u00a0<span class=\"hiddenSpellError\">trovar<\/span>\u00a0moltes fulles de la tardor. La\u00a0<span class=\"hiddenSpellError\">Lisnella<\/span>\u00a0ens va\u00a0<span class=\"hiddenGreenError\" style=\"padding-bottom: 2px; background-image: url('..\/..\/..\/..\/..\/images\/squiggle_green.png'); background-position: left bottom; cursor: default; color: #000000; font-family: 'Open Sans', Helvetica, Arial, sans-serif; font-size: 16px; font-style: normal; font-weight: 300; letter-spacing: normal; text-align: start; text-indent: 0px; text-transform: none;\">explicar<\/span>\u00a0que les fulles cauen dels arbres i vam cantar una can\u00e7\u00f3 en la seva llengua. El diumenge, va fer un experiment molt divertit amb unes canyes.\u00a0<span class=\"hiddenSpellError\">Lisnella<\/span>, amb el gust, va endevinar que hi havia a cada got. Voleu saber que contenien els gots?<\/p>\n<p>A continuaci\u00f3 l&#8217;enlla\u00e7 del cap de setmana de\u00a0<span class=\"hiddenSpellError\">Lisnella<\/span><\/p>\n<p><a href=\"https:\/\/drive.google.com\/drive\/folders\/1YnicLvA2uXxNgg1d_ZWl7DrM_HSmmLA9?usp=sharing\">\u00a0https:\/\/drive.google.com\/drive\/folders\/1YnicLvA2uXxNgg1d_ZWl7DrM_HSmmLA9?usp=sharing<\/a><\/p>\n<p>&nbsp;<\/p>\n","protected":false},"excerpt":{"rendered":"<p>Hola fam\u00edlies, mestres i amics. Aquesta setmana els nostres companys Dante i Lisnella\u00a0ens han presentat les seves viv\u00e8ncies del cap de setmana. El Dante ha passat el cap de setmana amb les seves cosines i la seva amiga Nora. Ell ens ha explicat que\u00a0estava\u00a0molt content&hellip;  <a href=\"https:\/\/agora.xtec.cat\/ceip-jruyra-l-h\/general\/cap-de-setmana-del-dante-i-la-lisnella\/\" title=\"Read CAP DE SETMANA DEL DANTE I LA LISNELLA\">Llegeix m\u00e9s\u00bb<\/a><\/p>\n","protected":false},"author":1,"featured_media":0,"comment_status":"open","ping_status":"closed","sticky":false,"template":"","format":"standard","meta":{"_bbp_topic_count":0,"_bbp_reply_count":0,"_bbp_total_topic_count":0,"_bbp_total_reply_count":0,"_bbp_voice_count":0,"_bbp_anonymous_reply_count":0,"_bbp_topic_count_hidden":0,"_bbp_reply_count_hidden":0,"_bbp_forum_subforum_count":0,"footnotes":""},"categories":[1],"tags":[],"class_list":["post-13259","post","type-post","status-publish","format-standard","hentry","category-general"],"post_mailing_queue_ids":[],"_links":{"self":[{"href":"https:\/\/agora.xtec.cat\/ceip-jruyra-l-h\/wp-json\/wp\/v2\/posts\/13259","targetHints":{"allow":["GET"]}}],"collection":[{"href":"https:\/\/agora.xtec.cat\/ceip-jruyra-l-h\/wp-json\/wp\/v2\/posts"}],"about":[{"href":"https:\/\/agora.xtec.cat\/ceip-jruyra-l-h\/wp-json\/wp\/v2\/types\/post"}],"author":[{"embeddable":true,"href":"https:\/\/agora.xtec.cat\/ceip-jruyra-l-h\/wp-json\/wp\/v2\/users\/1"}],"replies":[{"embeddable":true,"href":"https:\/\/agora.xtec.cat\/ceip-jruyra-l-h\/wp-json\/wp\/v2\/comments?post=13259"}],"version-history":[{"count":3,"href":"https:\/\/agora.xtec.cat\/ceip-jruyra-l-h\/wp-json\/wp\/v2\/posts\/13259\/revisions"}],"predecessor-version":[{"id":13265,"href":"https:\/\/agora.xtec.cat\/ceip-jruyra-l-h\/wp-json\/wp\/v2\/posts\/13259\/revisions\/13265"}],"wp:attachment":[{"href":"https:\/\/agora.xtec.cat\/ceip-jruyra-l-h\/wp-json\/wp\/v2\/media?parent=13259"}],"wp:term":[{"taxonomy":"category","embeddable":true,"href":"https:\/\/agora.xtec.cat\/ceip-jruyra-l-h\/wp-json\/wp\/v2\/categories?post=13259"},{"taxonomy":"post_tag","embeddable":true,"href":"https:\/\/agora.xtec.cat\/ceip-jruyra-l-h\/wp-json\/wp\/v2\/tags?post=13259"}],"curies":[{"name":"wp","href":"https:\/\/api.w.org\/{rel}","templated":true}]}}